{"id":6703,"date":"2016-01-26T10:46:29","date_gmt":"2016-01-26T07:46:29","guid":{"rendered":"http:\/\/realitatearutiera.ro\/?p=6703"},"modified":"2016-01-26T10:46:29","modified_gmt":"2016-01-26T07:46:29","slug":"un-fotograf-a-ajuns-milionar-dupa-ce-a-vandut-o-singura-poza-vezi-poza","status":"publish","type":"post","link":"https:\/\/realitatearutiera.ro\/?p=6703","title":{"rendered":"Un fotograf a ajuns milionar dupa ce a vandut O SINGURA POZA !! Vezi poza !!"},"content":{"rendered":"<p><strong><span style=\"font-family: Arial; font-size: small;\">O fotografie care prezint\u0103 un cartof irlandez a fost cump\u0103rat\u0103 de un om de afaceri european cu aproape un milion de euro, imaginea fiind realizat\u0103 de Kevin Abosch, un artist celebru pentru fotografierea unor vedete precum Johnny Depp \u015fi Dustin Hoffman, informeaz\u0103 bbc.co.uk.<\/span><\/strong><\/p>\n<p>Nu este prima dat\u0103 c\u00e2nd cineva \u00eemi cump\u0103r\u0103 arta chiar de pe perete. Am b\u0103ut \u00eempreun\u0103 (cu omul de afaceri &#8211; n.r.) dou\u0103 pahare cu vin, iar el a spus: \u00abChiar \u00eemi place asta\u00bb. Dup\u0103 alte dou\u0103 pahare cu vin a spus \u00abChiar vreau asta\u00bb. Dou\u0103 s\u0103pt\u0103m\u00e2ni mai t\u00e2rziu, am stabilit pre\u0163ul&#8221;, a declarat fotograful Kevin Abosch pentru The Sunday Times.<\/p>\n<p>Kevin Abosch a fotografiat cartoful irlandez organic \u00een anul 2010, folosind o singur\u0103 surs\u0103 de lumin\u0103 \u015fi o camer\u0103 digital\u0103. \u00cen imagine, cartoful apare pe un fundal negru.<\/p>\n<p>Kevin Abosch, \u00een v\u00e2rst\u0103 de 46 de ani, este recunoscut pentru fotografierea unor celebrit\u0103\u0163i precum actorii Johnny Depp \u015fi Dustin Hoffman, regizorul Steven Spielberg, artista Yoko Ono, fosta so\u0163ie a c\u00e2nt\u0103re\u0163ului John Lennon, precum \u015fi activista pakistanez\u0103 Malala Yousafzai.<\/p>\n<p>Sursa : mediafax<\/p>\n","protected":false},"excerpt":{"rendered":"<p>O fotografie care prezint\u0103 un cartof irlandez a fost cump\u0103rat\u0103 de un om de afaceri european cu aproape un milion<\/p>\n","protected":false},"author":1,"featured_media":6704,"comment_status":"open","ping_status":"open","sticky":false,"template":"","format":"standard","meta":{"spay_email":"","footnotes":"","jetpack_publicize_message":""},"categories":[12],"tags":[],"class_list":["post-6703","post","type-post","status-publish","format-standard","has-post-thumbnail","hentry","category-stiri-internationale"],"jetpack_featured_media_url":"https:\/\/i0.wp.com\/realitatearutiera.ro\/wp-content\/uploads\/2016\/01\/cartof.jpg?fit=586%2C319&ssl=1","jetpack_publicize_connections":[],"jetpack_sharing_enabled":true,"jetpack_shortlink":"https:\/\/wp.me\/p61naM-1K7","jetpack-related-posts":[],"_links":{"self":[{"href":"https:\/\/realitatearutiera.ro\/index.php?rest_route=\/wp\/v2\/posts\/6703","targetHints":{"allow":["GET"]}}],"collection":[{"href":"https:\/\/realitatearutiera.ro\/index.php?rest_route=\/wp\/v2\/posts"}],"about":[{"href":"https:\/\/realitatearutiera.ro\/index.php?rest_route=\/wp\/v2\/types\/post"}],"author":[{"embeddable":true,"href":"https:\/\/realitatearutiera.ro\/index.php?rest_route=\/wp\/v2\/users\/1"}],"replies":[{"embeddable":true,"href":"https:\/\/realitatearutiera.ro\/index.php?rest_route=%2Fwp%2Fv2%2Fcomments&post=6703"}],"version-history":[{"count":1,"href":"https:\/\/realitatearutiera.ro\/index.php?rest_route=\/wp\/v2\/posts\/6703\/revisions"}],"predecessor-version":[{"id":6705,"href":"https:\/\/realitatearutiera.ro\/index.php?rest_route=\/wp\/v2\/posts\/6703\/revisions\/6705"}],"wp:featuredmedia":[{"embeddable":true,"href":"https:\/\/realitatearutiera.ro\/index.php?rest_route=\/wp\/v2\/media\/6704"}],"wp:attachment":[{"href":"https:\/\/realitatearutiera.ro\/index.php?rest_route=%2Fwp%2Fv2%2Fmedia&parent=6703"}],"wp:term":[{"taxonomy":"category","embeddable":true,"href":"https:\/\/realitatearutiera.ro\/index.php?rest_route=%2Fwp%2Fv2%2Fcategories&post=6703"},{"taxonomy":"post_tag","embeddable":true,"href":"https:\/\/realitatearutiera.ro\/index.php?rest_route=%2Fwp%2Fv2%2Ftags&post=6703"}],"curies":[{"name":"wp","href":"https:\/\/api.w.org\/{rel}","templated":true}]}}