{"id":67137,"date":"2020-08-05T08:22:09","date_gmt":"2020-08-05T05:22:09","guid":{"rendered":"http:\/\/realitatearutiera.ro\/?p=67137"},"modified":"2020-08-05T08:22:11","modified_gmt":"2020-08-05T05:22:11","slug":"un-tanar-de-20-de-ani-ranit-dupa-ce-masina-lui-s-a-rasturnat","status":"publish","type":"post","link":"https:\/\/realitatearutiera.ro\/?p=67137","title":{"rendered":"Un t\u00e2n\u0103r de 20 de ani, r\u0103nit dup\u0103 ce ma\u0219ina lui s-a r\u0103sturnat"},"content":{"rendered":"\n<p>Un t\u00e2n\u0103r de 20 de ani din jude\u021bul D\u00e2mbovi\u0163a a fost r\u0103nit dup\u0103 ce ma\u0219ina pe care o conducea s-a r\u0103sturnat pe Drumul Na\u021bional 71, \u00eentre Pucioasa \u0219i Targovi\u015fte.<\/p>\n\n\n\n<figure class=\"wp-block-image\"><img decoding=\"async\" src=\"https:\/\/i2.wp.com\/image.stirileprotv.ro\/media\/images\/680xX\/Aug2020\/62140538.jpg?w=800&#038;ssl=1\" alt=\"Accident grav \u00een D\u00e2mbovi\u021ba. Un t\u00e2n\u0103r de 20 de ani, r\u0103nit dup\u0103 ce ma\u0219ina lui s-a r\u0103sturnat\" data-recalc-dims=\"1\"\/><\/figure>\n\n\n\n<p>Poli\u0163i\u015ftii spun c\u0103, din primele verific\u0103ri, \u0219oferul nu ar fi adaptat viteza la condi\u021biile de drum, iar \u00eentr-o curb\u0103 a pierdut controlul volanului \u0219i s-a rostogolit cu ma\u0219ina \u00een \u0219an\u021b.<\/p>\n\n\n\n<p>Ceilal\u021bi participan\u021bi la trafic au sunat la 112 \u0219i au cerut ajutor, iar conduc\u0103torul auto a fost transportat la spitalul jude\u021bean din T\u00e2rgovi\u0219te, pentru \u00eengrijiri \u0219i investiga\u021bii.<\/p>\n\n\n\n<p>Agen\u021bii poli\u0163iei rutiere continu\u0103 cercet\u0103rile pentru a stabili exact cum s-a produs accidentul.<\/p>\n\n\n\n<p>Sursa:stirileprotv<\/p>\n","protected":false},"excerpt":{"rendered":"<p>Un t\u00e2n\u0103r de 20 de ani din jude\u021bul D\u00e2mbovi\u0163a a fost r\u0103nit dup\u0103 ce ma\u0219ina pe care o conducea s-a<\/p>\n","protected":false},"author":1,"featured_media":66061,"comment_status":"closed","ping_status":"closed","sticky":false,"template":"","format":"standard","meta":{"spay_email":"","footnotes":"","jetpack_publicize_message":""},"categories":[1],"tags":[],"class_list":["post-67137","post","type-post","status-publish","format-standard","has-post-thumbnail","hentry","category-uncategorized"],"jetpack_featured_media_url":"https:\/\/i2.wp.com\/realitatearutiera.ro\/wp-content\/uploads\/2020\/07\/accident_f58627.jpg?fit=1200%2C804&ssl=1","jetpack_publicize_connections":[],"jetpack_sharing_enabled":true,"jetpack_shortlink":"https:\/\/wp.me\/p61naM-hsR","jetpack-related-posts":[],"_links":{"self":[{"href":"https:\/\/realitatearutiera.ro\/index.php?rest_route=\/wp\/v2\/posts\/67137","targetHints":{"allow":["GET"]}}],"collection":[{"href":"https:\/\/realitatearutiera.ro\/index.php?rest_route=\/wp\/v2\/posts"}],"about":[{"href":"https:\/\/realitatearutiera.ro\/index.php?rest_route=\/wp\/v2\/types\/post"}],"author":[{"embeddable":true,"href":"https:\/\/realitatearutiera.ro\/index.php?rest_route=\/wp\/v2\/users\/1"}],"replies":[{"embeddable":true,"href":"https:\/\/realitatearutiera.ro\/index.php?rest_route=%2Fwp%2Fv2%2Fcomments&post=67137"}],"version-history":[{"count":1,"href":"https:\/\/realitatearutiera.ro\/index.php?rest_route=\/wp\/v2\/posts\/67137\/revisions"}],"predecessor-version":[{"id":67138,"href":"https:\/\/realitatearutiera.ro\/index.php?rest_route=\/wp\/v2\/posts\/67137\/revisions\/67138"}],"wp:featuredmedia":[{"embeddable":true,"href":"https:\/\/realitatearutiera.ro\/index.php?rest_route=\/wp\/v2\/media\/66061"}],"wp:attachment":[{"href":"https:\/\/realitatearutiera.ro\/index.php?rest_route=%2Fwp%2Fv2%2Fmedia&parent=67137"}],"wp:term":[{"taxonomy":"category","embeddable":true,"href":"https:\/\/realitatearutiera.ro\/index.php?rest_route=%2Fwp%2Fv2%2Fcategories&post=67137"},{"taxonomy":"post_tag","embeddable":true,"href":"https:\/\/realitatearutiera.ro\/index.php?rest_route=%2Fwp%2Fv2%2Ftags&post=67137"}],"curies":[{"name":"wp","href":"https:\/\/api.w.org\/{rel}","templated":true}]}}