{"id":67210,"date":"2020-08-06T08:57:42","date_gmt":"2020-08-06T05:57:42","guid":{"rendered":"http:\/\/realitatearutiera.ro\/?p=67210"},"modified":"2020-08-06T08:57:45","modified_gmt":"2020-08-06T05:57:45","slug":"ciclism-weekend-cu-trafic-restrictionat-pe-mau-multe-drumuri-din-transilvania","status":"publish","type":"post","link":"https:\/\/realitatearutiera.ro\/?p=67210","title":{"rendered":"Ciclism: Weekend cu trafic restric\u021bionat pe mau multe drumuri din Transilvania"},"content":{"rendered":"\n<p><strong>Circula\u021bia ma\u0219inilor pe drumurile na\u021bionale din jude\u021be din Transilvania \u2013 Harghita \u0219i Covasna, va fi restric\u021bionat\u0103 \u00een perioada 6-8 august din cauza Turul Ciclist al \u021ainutului Secuiesc, anun\u021b\u0103 Compania Na\u021bional\u0103 de Administrare a Drumurilor Na\u021bionale.<\/strong><\/p>\n\n\n\n<p>Restric\u021biile de circula\u021bie se impun \u00eencep\u00e2nd de joi, 6 august, iar circula\u021bia rutierilor se va face \u201dpe partea dreapt\u0103 a drumului, c\u00e2t mai aproape de partea carosabil\u0103\u201d.<\/p>\n\n\n\n<p>\u201dPentru asigurarea traficului rutier \u00een condi\u021bii de siguran\u021b\u0103 \u0219i protejarea participan\u021bilor la competi\u021bie, traficul rutier se va desf\u0103\u0219ura cu sprijinul echipajelor din cadrul Poli\u021biei Rutiere\u201d, precizeaz\u0103 compania de drumuri.<\/p>\n\n\n\n<p>Turul Ciclist al \u021ainutului Secuiesc porne\u0219te anul acesta din jude\u021bul Covasna, prologul \u015fi prima etap\u0103 av\u00e2nd ca puncte de Start \u0219i Finish municipiul Sf\u00e2ntu Gheorghe.<\/p>\n\n\n\n<p><strong>Program restric\u021bii drumuri na\u021bionale:<\/strong><\/p>\n\n\n\n<p>Joi, 06.08.2020, orele 11:00<br>DN 13 \u2013 Sf. Gheorghe (km 30+275) \u2013 Reci (km 39+112) \u2013 Covasna (km 60+050)<br>DN 11C \u2013 Tg. Secuiesc (km 1+670) \u2013 Turia (km 3+885 \u2013 Balvanyos (km 18+130)<br>DN 12 \u2013 Bixad (km 39+190) \u2013 Micfal\u0103u (km 32+053)<br>DN13E \u2013 V\u00e2lcele (km 12+864) \u2013 Sf. Gheorghe (kn 23+362)<\/p>\n\n\n\n<p>Vineri, 07.08.2020, orele 11:00<br>DN 12 \u2013 Miercurea Ciuc (km 79+565) \u2013 Izvorul Mure\u0219ului (km 111+987) \u2013 Gheorgheni (km 165+920)<br>DN 13 B \u2013 Gheorgheni (km 51+051) \u2013 Joseni (km 43+303) \u2013 Praid (km 2+776)<br>DN 13A \u2013 Praid (km 42+735) \u2013 Corund (km 54+445) \u2013 Odorheiu Secuiesc (km 83+675) \u2013 Miercurea Ciuc (km 127+500)<\/p>\n\n\n\n<p>S\u00e2mb\u0103t\u0103, 08.08.2020, orele 16:30<br>DN 12 \u2013 M. Ciuc (km 73+500) \u2013 Racu (km 89+054)<br>DN 12 A \u2013 Frumoasa (km 10+187) \u2013 Nicole\u0219ti (km 7+157) \u2013 M. Ciuc (km 0+200)<br>DN 12 \u2013 M. Ciuc (km 73+500) \u2013 S\u00e2ncr\u0103ieni (km 68+700)<br>DN 12 \u2013 Tu\u0219nad (km 53+330) \u2013 Cozmeni (km 55+458) \u2013 Sanmartin (km 61+600)<\/p>\n\n\n\n<p>Sursa:stiriledesibiu<\/p>\n","protected":false},"excerpt":{"rendered":"<p>Circula\u021bia ma\u0219inilor pe drumurile na\u021bionale din jude\u021be din Transilvania \u2013 Harghita \u0219i Covasna, va fi restric\u021bionat\u0103 \u00een perioada 6-8 august<\/p>\n","protected":false},"author":1,"featured_media":67211,"comment_status":"closed","ping_status":"closed","sticky":false,"template":"","format":"standard","meta":{"spay_email":"","footnotes":"","jetpack_publicize_message":""},"categories":[54],"tags":[],"class_list":["post-67210","post","type-post","status-publish","format-standard","has-post-thumbnail","hentry","category-informatii-rutiere"],"jetpack_featured_media_url":"https:\/\/i1.wp.com\/realitatearutiera.ro\/wp-content\/uploads\/2020\/08\/19703048_1472424022816114_7738198997265123392_o.jpg?fit=350%2C200&ssl=1","jetpack_publicize_connections":[],"jetpack_sharing_enabled":true,"jetpack_shortlink":"https:\/\/wp.me\/p61naM-hu2","jetpack-related-posts":[],"_links":{"self":[{"href":"https:\/\/realitatearutiera.ro\/index.php?rest_route=\/wp\/v2\/posts\/67210","targetHints":{"allow":["GET"]}}],"collection":[{"href":"https:\/\/realitatearutiera.ro\/index.php?rest_route=\/wp\/v2\/posts"}],"about":[{"href":"https:\/\/realitatearutiera.ro\/index.php?rest_route=\/wp\/v2\/types\/post"}],"author":[{"embeddable":true,"href":"https:\/\/realitatearutiera.ro\/index.php?rest_route=\/wp\/v2\/users\/1"}],"replies":[{"embeddable":true,"href":"https:\/\/realitatearutiera.ro\/index.php?rest_route=%2Fwp%2Fv2%2Fcomments&post=67210"}],"version-history":[{"count":1,"href":"https:\/\/realitatearutiera.ro\/index.php?rest_route=\/wp\/v2\/posts\/67210\/revisions"}],"predecessor-version":[{"id":67212,"href":"https:\/\/realitatearutiera.ro\/index.php?rest_route=\/wp\/v2\/posts\/67210\/revisions\/67212"}],"wp:featuredmedia":[{"embeddable":true,"href":"https:\/\/realitatearutiera.ro\/index.php?rest_route=\/wp\/v2\/media\/67211"}],"wp:attachment":[{"href":"https:\/\/realitatearutiera.ro\/index.php?rest_route=%2Fwp%2Fv2%2Fmedia&parent=67210"}],"wp:term":[{"taxonomy":"category","embeddable":true,"href":"https:\/\/realitatearutiera.ro\/index.php?rest_route=%2Fwp%2Fv2%2Fcategories&post=67210"},{"taxonomy":"post_tag","embeddable":true,"href":"https:\/\/realitatearutiera.ro\/index.php?rest_route=%2Fwp%2Fv2%2Ftags&post=67210"}],"curies":[{"name":"wp","href":"https:\/\/api.w.org\/{rel}","templated":true}]}}