{"id":67564,"date":"2020-08-17T08:43:44","date_gmt":"2020-08-17T05:43:44","guid":{"rendered":"http:\/\/realitatearutiera.ro\/?p=67564"},"modified":"2020-08-17T08:43:46","modified_gmt":"2020-08-17T05:43:46","slug":"judetul-sibiu-trafic-ingreunat-pe-dn7","status":"publish","type":"post","link":"https:\/\/realitatearutiera.ro\/?p=67564","title":{"rendered":"JUDE\u021aUL SIBIU: TRAFIC \u00ceNGREUNAT PE DN7"},"content":{"rendered":"\n<p><strong>Centrul INFOTRAFIC din Inspectoratul General al Poli\u021biei Rom\u00e2ne&nbsp;<\/strong>informeaz\u0103 c\u0103 pe DN7 Sibiu-R\u00e2mnicu V\u00e2lcea, la kilometrul 247+400 de metri, \u00een afara localit\u0103\u021bii Boi\u021ba, jude\u021bul Sibiu, s-a produs o coliziune frontal\u0103 \u00eentre o platform\u0103 auto \u0219i un autoturism. \u00cen urma impactului, dou\u0103 persoane au suferit leziuni, fiind con\u0219tiente \u0219i primind \u00eengrijiri medicale la fa\u021ba locului. Traficul rutier se desf\u0103\u0219oar\u0103 \u00eengreunat, doar pe un singur sens, alternativ.<\/p>\n\n\n\n<p>Se estimeaz\u0103 ca circula\u021bia s\u0103 se reia normal \u00een 30 de minute.<\/p>\n","protected":false},"excerpt":{"rendered":"<p>Centrul INFOTRAFIC din Inspectoratul General al Poli\u021biei Rom\u00e2ne&nbsp;informeaz\u0103 c\u0103 pe DN7 Sibiu-R\u00e2mnicu V\u00e2lcea, la kilometrul 247+400 de metri, \u00een afara<\/p>\n","protected":false},"author":1,"featured_media":67460,"comment_status":"closed","ping_status":"closed","sticky":false,"template":"","format":"standard","meta":{"spay_email":"","footnotes":"","jetpack_publicize_message":""},"categories":[54],"tags":[],"class_list":["post-67564","post","type-post","status-publish","format-standard","has-post-thumbnail","hentry","category-informatii-rutiere"],"jetpack_featured_media_url":"https:\/\/i0.wp.com\/realitatearutiera.ro\/wp-content\/uploads\/2020\/08\/image-2020-07-28-24198036-70-masini-trafic.jpg?fit=900%2C600&ssl=1","jetpack_publicize_connections":[],"jetpack_sharing_enabled":true,"jetpack_shortlink":"https:\/\/wp.me\/p61naM-hzK","jetpack-related-posts":[],"_links":{"self":[{"href":"https:\/\/realitatearutiera.ro\/index.php?rest_route=\/wp\/v2\/posts\/67564","targetHints":{"allow":["GET"]}}],"collection":[{"href":"https:\/\/realitatearutiera.ro\/index.php?rest_route=\/wp\/v2\/posts"}],"about":[{"href":"https:\/\/realitatearutiera.ro\/index.php?rest_route=\/wp\/v2\/types\/post"}],"author":[{"embeddable":true,"href":"https:\/\/realitatearutiera.ro\/index.php?rest_route=\/wp\/v2\/users\/1"}],"replies":[{"embeddable":true,"href":"https:\/\/realitatearutiera.ro\/index.php?rest_route=%2Fwp%2Fv2%2Fcomments&post=67564"}],"version-history":[{"count":1,"href":"https:\/\/realitatearutiera.ro\/index.php?rest_route=\/wp\/v2\/posts\/67564\/revisions"}],"predecessor-version":[{"id":67565,"href":"https:\/\/realitatearutiera.ro\/index.php?rest_route=\/wp\/v2\/posts\/67564\/revisions\/67565"}],"wp:featuredmedia":[{"embeddable":true,"href":"https:\/\/realitatearutiera.ro\/index.php?rest_route=\/wp\/v2\/media\/67460"}],"wp:attachment":[{"href":"https:\/\/realitatearutiera.ro\/index.php?rest_route=%2Fwp%2Fv2%2Fmedia&parent=67564"}],"wp:term":[{"taxonomy":"category","embeddable":true,"href":"https:\/\/realitatearutiera.ro\/index.php?rest_route=%2Fwp%2Fv2%2Fcategories&post=67564"},{"taxonomy":"post_tag","embeddable":true,"href":"https:\/\/realitatearutiera.ro\/index.php?rest_route=%2Fwp%2Fv2%2Ftags&post=67564"}],"curies":[{"name":"wp","href":"https:\/\/api.w.org\/{rel}","templated":true}]}}