{"id":67574,"date":"2020-08-17T09:16:34","date_gmt":"2020-08-17T06:16:34","guid":{"rendered":"http:\/\/realitatearutiera.ro\/?p=67574"},"modified":"2020-08-17T09:16:37","modified_gmt":"2020-08-17T06:16:37","slug":"va-fi-obligatoriu-de-la-1-ianuarie-amenda-de-20-de-mii-de-lei-daca-nu-faci-asta","status":"publish","type":"post","link":"https:\/\/realitatearutiera.ro\/?p=67574","title":{"rendered":"Va fi obligatoriu de la 1 ianuarie! Amend\u0103 de 20 de mii de lei dac\u0103 nu faci asta"},"content":{"rendered":"\n<p>Rom\u00e2nii vor fi obliga\u021bi s\u0103 colecteze separat de\u0219eurile biodegradabile, precum fructele \u0219i legumele alterate. Acest lucru se va aplica de la 1 ianuarie iar cine nu va respecta obligativitatea va scoate din buzunar chiar \u0219i 20 de mii de lei.<\/p>\n\n\n\n<p>Pe de alt\u0103 parte, reprezentan\u021bii firmelor de salubrizare sus\u021bin c\u0103 m\u0103sura este nerealist\u0103 \u0219i nu poate fi pus\u0103 \u00een practic\u0103.<\/p>\n\n\n\n<p>Potrivit legii, \u00een gospod\u0103rii \u0219i \u00een cadrul societ\u0103\u021bilor comerciale, de\u0219euri precum fructele \u0219i resturile de fructe, legumele \u0219i resturile de legume, plus anumite resturi alimentare, nu vor mai fie aruncate \u00een acela\u0219i recipient cu alte resturi. Ci vor trebui colectate separat, a\u0219a cum se \u00eent\u00e2mpl\u0103 cu h\u00e2rtia \u0219i plasticul.<\/p>\n\n\n\n<p>Societ\u0103\u021bile de salubrizare vor fi obligate s\u0103 preia aceste de\u0219euri pentru a fi transformate \u00een compost pentru agricultur\u0103. Cine nu va respecta noua lege va fi amendat! Cu minim 400 de lei cet\u0103\u021beanul \u0219i cu p\u00e2n\u0103 la 20.000 de lei societ\u0103\u021bile comerciale.<\/p>\n\n\n\n<p>Cu toate acestea, pentru a fi aplicat\u0103, \u00een fiecare jude\u021b trebuie sp\u0103 existe cel pu\u021bin o sta\u021bie de compostare. Exist\u0103 \u00een \u021bar\u0103 c\u00e2teva, dar \u00een unele dintre marile ora\u0219e nu exist\u0103. Spre exemplu, Bucure\u0219tiul nu are una \u0219i nici Ilfovul.<\/p>\n\n\n\n<p>Marian Tudor, primarul localit\u0103\u021bii Vidra, Ilfov a sus\u021binut c\u0103 \u00eempreun\u0103 cu Ministerul Mediului a f\u0103cut un proiect \u00een care va construi o sta\u021bie de compost pentru resturi vegetale \u0219i gunoiul de grajd.<\/p>\n\n\n\n<p>\u201eAcolo ar putea s\u0103 aduc\u0103 orice cet\u0103\u021bean, orice rest vegetal din gospod\u0103ria proprie, de unde produce legumele\u201d, a spus edilul pentru<a href=\"https:\/\/www.digi24.ro\/stiri\/actualitate\/social\/de-la-1-ianuarie-romanii-trebuie-sa-arunce-fructele-si-legumele-alterate-separat-amenzi-mari-pentru-cine-nu-respecta-legea-1353897?fbclid=IwAR0jpZPuaLcnqlE6tWIMBnULAqzzhg0QccdsIw6miCCp6xf-z682RSwQ7aM\">&nbsp;Digi24.<\/a><\/p>\n\n\n\n<p>Dan Ceau\u0219escu, director societate de salubrizare este de p\u0103rere c\u0103 termenul de 1 ianuarie 2021, este nerealist, este mai degrab\u0103 utopic.<\/p>\n\n\n\n<p>\u201eRom\u00e2nia s\u0103 pun\u0103-n practic\u0103 aceast\u0103 nou\u0103 frac\u021bie de de\u0219euri, tot fluxul \u0219i prelucrat, are nevoie de peste 5 milioane de pubele, are nevoie de c\u00e2teva sute de ma\u0219ini. Nu exist\u0103 mai departe facilit\u0103\u021bile. Respectiv sta\u021biile de compost care s\u0103 preia \u0219i s\u0103 prelucreze aceste tipuri de de\u0219euri. Aceste de\u0219euri organice ajung p\u00e2n\u0103 la 50% din cantitatea de de\u0219euri generate de popula\u021bie\u201d, a punctat acesta.<\/p>\n\n\n\n<p>sursa: capital.ro<\/p>\n","protected":false},"excerpt":{"rendered":"<p>Rom\u00e2nii vor fi obliga\u021bi s\u0103 colecteze separat de\u0219eurile biodegradabile, precum fructele \u0219i legumele alterate. Acest lucru se va aplica de<\/p>\n","protected":false},"author":1,"featured_media":41323,"comment_status":"closed","ping_status":"closed","sticky":false,"template":"","format":"standard","meta":{"spay_email":"","footnotes":"","jetpack_publicize_message":""},"categories":[11],"tags":[],"class_list":["post-67574","post","type-post","status-publish","format-standard","has-post-thumbnail","hentry","category-stiri-interne"],"jetpack_featured_media_url":"https:\/\/i1.wp.com\/realitatearutiera.ro\/wp-content\/uploads\/2018\/09\/valoarea-punctului-de-amenda-plafonata-la-145-lei-chiar-daca-se-maresc-salariile-PvW.jpg?fit=800%2C540&ssl=1","jetpack_publicize_connections":[],"jetpack_sharing_enabled":true,"jetpack_shortlink":"https:\/\/wp.me\/p61naM-hzU","jetpack-related-posts":[],"_links":{"self":[{"href":"https:\/\/realitatearutiera.ro\/index.php?rest_route=\/wp\/v2\/posts\/67574","targetHints":{"allow":["GET"]}}],"collection":[{"href":"https:\/\/realitatearutiera.ro\/index.php?rest_route=\/wp\/v2\/posts"}],"about":[{"href":"https:\/\/realitatearutiera.ro\/index.php?rest_route=\/wp\/v2\/types\/post"}],"author":[{"embeddable":true,"href":"https:\/\/realitatearutiera.ro\/index.php?rest_route=\/wp\/v2\/users\/1"}],"replies":[{"embeddable":true,"href":"https:\/\/realitatearutiera.ro\/index.php?rest_route=%2Fwp%2Fv2%2Fcomments&post=67574"}],"version-history":[{"count":1,"href":"https:\/\/realitatearutiera.ro\/index.php?rest_route=\/wp\/v2\/posts\/67574\/revisions"}],"predecessor-version":[{"id":67575,"href":"https:\/\/realitatearutiera.ro\/index.php?rest_route=\/wp\/v2\/posts\/67574\/revisions\/67575"}],"wp:featuredmedia":[{"embeddable":true,"href":"https:\/\/realitatearutiera.ro\/index.php?rest_route=\/wp\/v2\/media\/41323"}],"wp:attachment":[{"href":"https:\/\/realitatearutiera.ro\/index.php?rest_route=%2Fwp%2Fv2%2Fmedia&parent=67574"}],"wp:term":[{"taxonomy":"category","embeddable":true,"href":"https:\/\/realitatearutiera.ro\/index.php?rest_route=%2Fwp%2Fv2%2Fcategories&post=67574"},{"taxonomy":"post_tag","embeddable":true,"href":"https:\/\/realitatearutiera.ro\/index.php?rest_route=%2Fwp%2Fv2%2Ftags&post=67574"}],"curies":[{"name":"wp","href":"https:\/\/api.w.org\/{rel}","templated":true}]}}