{"id":67761,"date":"2020-08-21T11:46:08","date_gmt":"2020-08-21T08:46:08","guid":{"rendered":"http:\/\/realitatearutiera.ro\/?p=67761"},"modified":"2020-08-21T11:46:10","modified_gmt":"2020-08-21T08:46:10","slug":"un-cosmonaut-rus-a-vrut-sa-filmeze-aurora-boreala-ce-a-descoperit-de-fapt-este-uimitor-foto","status":"publish","type":"post","link":"https:\/\/realitatearutiera.ro\/?p=67761","title":{"rendered":"Un cosmonaut rus a vrut s\u0103 filmeze Aurora Boreal\u0103. Ce a descoperit de fapt este uimitor. FOTO"},"content":{"rendered":"\n<p>Un cosmonaut rus a descoperit un grup de cinci OZN-uri care se deplasa deasupra P\u0103m\u00e2ntului, \u00een timp ce filma un videoclip cu Aurora Boreal\u0103.<\/p>\n\n\n\n<p>Ivan Vagner a filmat v\u00e2rful Aurorei Boreale de deasupra Antarcticii, c\u00e2nd a observat mai multe obiecte neidentificabile, transmite&nbsp;<strong><a href=\"https:\/\/www.dailystar.co.uk\/news\/world-news\/russian-cosmonaut-captured-5-ufos-22553120?fbclid=IwAR3bYOSh6A9fD2FQXVl8Zfet4W4ncNfD_sniahnzyENcLf-_-eAzJro8aKU\" target=\"_blank\" rel=\"noreferrer noopener\">Daily Star<\/a><\/strong>.<\/p>\n\n\n\n<p>El a publicat imaginile surprinse pe contul s\u0103u de Twitter, cu descrierea \u201eMusafiri spa\u021biali sau cum filmat noul time-lapse. \u00cen video ve\u021bi vedea cu totul altceva, nu doar Aurora\u201d.<\/p>\n\n\n\n<figure class=\"wp-block-image\"><img decoding=\"async\" src=\"https:\/\/i1.wp.com\/image.stirileprotv.ro\/media\/images\/680xX\/Aug2020\/62143382.jpg?w=800&#038;ssl=1\" alt=\"\" data-recalc-dims=\"1\"\/><\/figure>\n\n\n\n<p>\u00cen secven\u021bele filmate se observ\u0103 o lumin\u0103 alb\u0103 care str\u0103luce\u0219te de-a lungul suprafe\u021bei P\u0103m\u00e2ntului \u0219i c\u00e2teva secunde mai t\u00e2rziu, cinci puncte luminoase sunt surprinse zbur\u00e2nd \u00eentr-o forma\u021biune liniar\u0103 \u00een timp ce se deplaseaz\u0103 de la st\u00e2nga la dreapta pe ecran.<\/p>\n","protected":false},"excerpt":{"rendered":"<p>Un cosmonaut rus a descoperit un grup de cinci OZN-uri care se deplasa deasupra P\u0103m\u00e2ntului, \u00een timp ce filma un<\/p>\n","protected":false},"author":1,"featured_media":67762,"comment_status":"closed","ping_status":"closed","sticky":false,"template":"","format":"standard","meta":{"spay_email":"","footnotes":"","jetpack_publicize_message":""},"categories":[11],"tags":[],"class_list":["post-67761","post","type-post","status-publish","format-standard","has-post-thumbnail","hentry","category-stiri-interne"],"jetpack_featured_media_url":"https:\/\/i1.wp.com\/realitatearutiera.ro\/wp-content\/uploads\/2020\/08\/download.jpg?fit=259%2C194&ssl=1","jetpack_publicize_connections":[],"jetpack_sharing_enabled":true,"jetpack_shortlink":"https:\/\/wp.me\/p61naM-hCV","jetpack-related-posts":[],"_links":{"self":[{"href":"https:\/\/realitatearutiera.ro\/index.php?rest_route=\/wp\/v2\/posts\/67761","targetHints":{"allow":["GET"]}}],"collection":[{"href":"https:\/\/realitatearutiera.ro\/index.php?rest_route=\/wp\/v2\/posts"}],"about":[{"href":"https:\/\/realitatearutiera.ro\/index.php?rest_route=\/wp\/v2\/types\/post"}],"author":[{"embeddable":true,"href":"https:\/\/realitatearutiera.ro\/index.php?rest_route=\/wp\/v2\/users\/1"}],"replies":[{"embeddable":true,"href":"https:\/\/realitatearutiera.ro\/index.php?rest_route=%2Fwp%2Fv2%2Fcomments&post=67761"}],"version-history":[{"count":1,"href":"https:\/\/realitatearutiera.ro\/index.php?rest_route=\/wp\/v2\/posts\/67761\/revisions"}],"predecessor-version":[{"id":67763,"href":"https:\/\/realitatearutiera.ro\/index.php?rest_route=\/wp\/v2\/posts\/67761\/revisions\/67763"}],"wp:featuredmedia":[{"embeddable":true,"href":"https:\/\/realitatearutiera.ro\/index.php?rest_route=\/wp\/v2\/media\/67762"}],"wp:attachment":[{"href":"https:\/\/realitatearutiera.ro\/index.php?rest_route=%2Fwp%2Fv2%2Fmedia&parent=67761"}],"wp:term":[{"taxonomy":"category","embeddable":true,"href":"https:\/\/realitatearutiera.ro\/index.php?rest_route=%2Fwp%2Fv2%2Fcategories&post=67761"},{"taxonomy":"post_tag","embeddable":true,"href":"https:\/\/realitatearutiera.ro\/index.php?rest_route=%2Fwp%2Fv2%2Ftags&post=67761"}],"curies":[{"name":"wp","href":"https:\/\/api.w.org\/{rel}","templated":true}]}}