{"id":67845,"date":"2020-08-25T10:07:34","date_gmt":"2020-08-25T07:07:34","guid":{"rendered":"http:\/\/realitatearutiera.ro\/?p=67845"},"modified":"2020-08-25T10:07:37","modified_gmt":"2020-08-25T07:07:37","slug":"un-tanar-de-23-ani-si-a-pierdut-viata-dupa-ce-a-pierdut-controlul-asupra-mopedului-pe-care-il-conducea","status":"publish","type":"post","link":"https:\/\/realitatearutiera.ro\/?p=67845","title":{"rendered":"Un t\u00e2n\u0103r de 23 ani \u0219i-a pierdut via\u021ba dup\u0103 ce a pierdut controlul asupra mopedului pe care \u00eel conducea"},"content":{"rendered":"\n<p>Poli\u0163ia ora\u015fului Gura Humorului&nbsp; a fost sesizat\u0103 duminic\u0103 la 112 despre faptul c\u0103, un b\u0103rbat de 23 de ani din comuna Cacica a c\u0103zut de pe moped.<\/p>\n\n\n\n<p>Poli\u0163i\u015ftii deplasa\u0163i la fa\u0163a locului au stabilit din discu\u0163iile cu persoanele prezente c\u0103 \u00een timp ce conducea mopedul pe DJ 209 L \u00een localitatea Solone\u021bu Nou a pierdut controlul asupra direc\u021biei de mers \u0219i a rulat pe acostamentul din partea st\u00e2ng\u0103 a p\u0103r\u021bii carosabile unde a lovit o stiv\u0103 de material lemnos fiind proiectat de pe moped pe partea carosabil\u0103 din beton.<\/p>\n\n\n\n<p>\u00cen urma impactului a rezultat decesul conduc\u0103torul mopedului. \u00cen urma verific\u0103rilor efectuate de poli\u0163i\u015fti \u00een bazele de date, s-a constatat faptul c\u0103, b\u0103rbatul de 23 de ani nu posed\u0103 permis de conducere pentru nicio categorie auto.\u00a0 \u00cen cauz\u0103 s-a \u00eentocmit dosar penal, ce va fi solu\u0163ionat procedural.<\/p>\n\n\n\n<p>sursa: svnews.ro<\/p>\n","protected":false},"excerpt":{"rendered":"<p>Poli\u0163ia ora\u015fului Gura Humorului&nbsp; a fost sesizat\u0103 duminic\u0103 la 112 despre faptul c\u0103, un b\u0103rbat de 23 de ani din<\/p>\n","protected":false},"author":1,"featured_media":51424,"comment_status":"closed","ping_status":"closed","sticky":false,"template":"","format":"standard","meta":{"spay_email":"","footnotes":"","jetpack_publicize_message":""},"categories":[1],"tags":[],"class_list":["post-67845","post","type-post","status-publish","format-standard","has-post-thumbnail","hentry","category-uncategorized"],"jetpack_featured_media_url":"https:\/\/i1.wp.com\/realitatearutiera.ro\/wp-content\/uploads\/2019\/06\/botosanean-implicat-intr-un-accident-rutier-i-a-iesit-in-fata-un-mopedist-beat-si-fara-permis-6mP.jpg?fit=800%2C400&ssl=1","jetpack_publicize_connections":[],"jetpack_sharing_enabled":true,"jetpack_shortlink":"https:\/\/wp.me\/p61naM-hEh","jetpack-related-posts":[],"_links":{"self":[{"href":"https:\/\/realitatearutiera.ro\/index.php?rest_route=\/wp\/v2\/posts\/67845","targetHints":{"allow":["GET"]}}],"collection":[{"href":"https:\/\/realitatearutiera.ro\/index.php?rest_route=\/wp\/v2\/posts"}],"about":[{"href":"https:\/\/realitatearutiera.ro\/index.php?rest_route=\/wp\/v2\/types\/post"}],"author":[{"embeddable":true,"href":"https:\/\/realitatearutiera.ro\/index.php?rest_route=\/wp\/v2\/users\/1"}],"replies":[{"embeddable":true,"href":"https:\/\/realitatearutiera.ro\/index.php?rest_route=%2Fwp%2Fv2%2Fcomments&post=67845"}],"version-history":[{"count":1,"href":"https:\/\/realitatearutiera.ro\/index.php?rest_route=\/wp\/v2\/posts\/67845\/revisions"}],"predecessor-version":[{"id":67846,"href":"https:\/\/realitatearutiera.ro\/index.php?rest_route=\/wp\/v2\/posts\/67845\/revisions\/67846"}],"wp:featuredmedia":[{"embeddable":true,"href":"https:\/\/realitatearutiera.ro\/index.php?rest_route=\/wp\/v2\/media\/51424"}],"wp:attachment":[{"href":"https:\/\/realitatearutiera.ro\/index.php?rest_route=%2Fwp%2Fv2%2Fmedia&parent=67845"}],"wp:term":[{"taxonomy":"category","embeddable":true,"href":"https:\/\/realitatearutiera.ro\/index.php?rest_route=%2Fwp%2Fv2%2Fcategories&post=67845"},{"taxonomy":"post_tag","embeddable":true,"href":"https:\/\/realitatearutiera.ro\/index.php?rest_route=%2Fwp%2Fv2%2Ftags&post=67845"}],"curies":[{"name":"wp","href":"https:\/\/api.w.org\/{rel}","templated":true}]}}