{"id":67918,"date":"2020-08-27T11:23:03","date_gmt":"2020-08-27T08:23:03","guid":{"rendered":"http:\/\/realitatearutiera.ro\/?p=67918"},"modified":"2020-08-27T11:23:06","modified_gmt":"2020-08-27T08:23:06","slug":"igpr-explica-noile-colante-de-pe-masinile-de-pe-politie-este-modelul-european-peste-5000-de-autovehicule-noi-in-dotarea-politistilor","status":"publish","type":"post","link":"https:\/\/realitatearutiera.ro\/?p=67918","title":{"rendered":"IGPR explic\u0103 noile colante de pe ma\u0219inile de pe poli\u021bie: Este modelul european\/ Peste 5000 de autovehicule noi \u00een dotarea poli\u021bi\u0219tilor"},"content":{"rendered":"\n<p><strong>Ma\u0219inile de Poli\u021bie vor fi colantate dup\u0103 un alt model, asem\u0103n\u0103tor cu cel folosit \u00een alte state al Uniunii Europene. Designul este cu albastru \u0219i galben, cu elemente de culoare verde fosforescent, pentru a asigura vizibilitatea \u0219i pe timp de cea\u021b\u0103, transmite Poli\u021bia Rom\u00e2n\u0103.<\/strong>\u201eInspectoratul General al Poli\u0163iei Rom\u00e2ne a transmis c\u0103tre OSIM, \u00eenc\u0103 de la \u00eenceputul lunii mai a acestui an, documentele necesare \u00eenregistr\u0103rii noii colant\u0103ri a autospecialelor de poli\u0163ie. (&#8230;) Acest demers a fost necesar pentru ca cet\u0103\u021benii s\u0103 poat\u0103 diferen\u021bia autovehiculele Poli\u021biei Rom\u00e2ne de cele ale Poli\u021biei Locale\u201d, conform sursei citate.<\/p>\n\n\n\n<p>Noul design este \u00een concordan\u021b\u0103 cu cel al altor state membre UE. Orice cet\u0103\u021bean va recunoa\u0219te acest tip de colant \u00een Europa.<\/p>\n\n\n\n<p>Cite\u0219te \u00een continuare pe <a href=\"https:\/\/www.stiripesurse.ro\/foto-igpr-explica-noile-colante-de-pe-masinile-de-pe-politie-este-modelul-european-peste-5000-de-autovehicule-noi-in-dotarea-politistilor_1500023.html\">stiripesurse.ro<\/a><\/p>\n","protected":false},"excerpt":{"rendered":"<p>Ma\u0219inile de Poli\u021bie vor fi colantate dup\u0103 un alt model, asem\u0103n\u0103tor cu cel folosit \u00een alte state al Uniunii Europene.<\/p>\n","protected":false},"author":1,"featured_media":67919,"comment_status":"closed","ping_status":"closed","sticky":false,"template":"","format":"standard","meta":{"spay_email":"","footnotes":"","jetpack_publicize_message":""},"categories":[11],"tags":[],"class_list":["post-67918","post","type-post","status-publish","format-standard","has-post-thumbnail","hentry","category-stiri-interne"],"jetpack_featured_media_url":"https:\/\/i1.wp.com\/realitatearutiera.ro\/wp-content\/uploads\/2020\/08\/duster-politie-nou-4.jpg?fit=518%2C456&ssl=1","jetpack_publicize_connections":[],"jetpack_sharing_enabled":true,"jetpack_shortlink":"https:\/\/wp.me\/p61naM-hFs","jetpack-related-posts":[],"_links":{"self":[{"href":"https:\/\/realitatearutiera.ro\/index.php?rest_route=\/wp\/v2\/posts\/67918","targetHints":{"allow":["GET"]}}],"collection":[{"href":"https:\/\/realitatearutiera.ro\/index.php?rest_route=\/wp\/v2\/posts"}],"about":[{"href":"https:\/\/realitatearutiera.ro\/index.php?rest_route=\/wp\/v2\/types\/post"}],"author":[{"embeddable":true,"href":"https:\/\/realitatearutiera.ro\/index.php?rest_route=\/wp\/v2\/users\/1"}],"replies":[{"embeddable":true,"href":"https:\/\/realitatearutiera.ro\/index.php?rest_route=%2Fwp%2Fv2%2Fcomments&post=67918"}],"version-history":[{"count":1,"href":"https:\/\/realitatearutiera.ro\/index.php?rest_route=\/wp\/v2\/posts\/67918\/revisions"}],"predecessor-version":[{"id":67920,"href":"https:\/\/realitatearutiera.ro\/index.php?rest_route=\/wp\/v2\/posts\/67918\/revisions\/67920"}],"wp:featuredmedia":[{"embeddable":true,"href":"https:\/\/realitatearutiera.ro\/index.php?rest_route=\/wp\/v2\/media\/67919"}],"wp:attachment":[{"href":"https:\/\/realitatearutiera.ro\/index.php?rest_route=%2Fwp%2Fv2%2Fmedia&parent=67918"}],"wp:term":[{"taxonomy":"category","embeddable":true,"href":"https:\/\/realitatearutiera.ro\/index.php?rest_route=%2Fwp%2Fv2%2Fcategories&post=67918"},{"taxonomy":"post_tag","embeddable":true,"href":"https:\/\/realitatearutiera.ro\/index.php?rest_route=%2Fwp%2Fv2%2Ftags&post=67918"}],"curies":[{"name":"wp","href":"https:\/\/api.w.org\/{rel}","templated":true}]}}