{"id":68149,"date":"2020-09-03T08:57:01","date_gmt":"2020-09-03T05:57:01","guid":{"rendered":"http:\/\/realitatearutiera.ro\/?p=68149"},"modified":"2020-09-03T08:57:03","modified_gmt":"2020-09-03T05:57:03","slug":"haos-la-vama-giurgiu-unde-zeci-de-soferi-romani-de-tonaj-greu-sunt-paralizati-de-ore-bune-in-cabine","status":"publish","type":"post","link":"https:\/\/realitatearutiera.ro\/?p=68149","title":{"rendered":"Haos la vama Giurgiu, unde zeci de \u0219oferi rom\u00e2ni de tonaj greu sunt paraliza\u021bi de ore bune \u00een cabine"},"content":{"rendered":"\n<p><strong> S-a format o coloan\u0103 de TIR-uri pe mai mul\u021bi kilometri, deoarece bulgarii le blocheaz\u0103 accesul \u00een Ruse.<\/strong><\/p>\n\n\n\n<p>\u0218oferii de TIR-uri sunt dispera\u021bi, deoarece \u00een unele camioane transport\u0103 marf\u0103 perisabil\u0103 ce ar fi trebuit s\u0103 ajung\u0103 de urgen\u021b\u0103 la destina\u021bie. Ei spun c\u0103 de obicei formalit\u0103\u021bile dureaz\u0103 foarte mult acolo, dar miercuri, timpul de a\u0219teptare s-a dublat.<\/p>\n\n\n\n<p>Cauza principal\u0103 a haosului de la vama Giurgiu o reprezint\u0103 protestul fa\u021b\u0103 de guvernul bulgar, organizat miercuri, la Sofia. Este<a href=\"https:\/\/www.national.ro\/stiri-externe\/furia-oamenilor-mai-periculoasa-ca-pandemia-proteste-violente-in-marile-tari-ale-europei-694416.html\" target=\"_blank\" rel=\"noreferrer noopener\">&nbsp;cel mai intens protest<\/a>&nbsp;f\u0103cut de bulgari, cel pu\u021bin anul acesta. Timp de aproape 10 ore, ace\u0219tia \u0219i-au propus s\u0103 blocheze intrarea \u00een ora\u0219ul Ruse aflat la grani\u021ba cu Rom\u00e2nia.<\/p>\n\n\n\n<p>Probleme au fost doar pe sensul de ie\u0219ire din \u021bar\u0103 pentru camioane. Ma\u0219inile mici au fost l\u0103sate s\u0103 ias\u0103 la un interval de 10-15 minute, nu \u00eenainte de a fi redirec\u021bionate pe un alt traseu.<\/p>\n\n\n\n<h2 class=\"wp-block-heading\">Bulgarii cer demisia premierului Borisov<\/h2>\n\n\n\n<p>Mii de bulgari s-au adunat \u00een fa\u0163a parlamentului, miercuri, cer\u00e2nd demisia<a href=\"https:\/\/www.national.ro\/stiri-externe\/s-a-rupt-lantul-de-iubire-intre-ei-premierul-il-acuza-pe-presedinte-ca-l-spioneaza-cu-dronele-detalii-incredibile-despre-relatia-lor-687564.html\" target=\"_blank\" rel=\"noreferrer noopener\">&nbsp;premierului Boiko Borisov, pe care \u00eel acuz\u0103 c\u0103 este paravanul corup\u021biei din \u021bar\u0103<\/a>. \u00centre manifestan\u021bi \u0219i for\u021bele de ordine au avut loc ciocniri, soldate cu r\u0103ni\u021bi \u00een ambele tabere, dar \u0219i cu arest\u0103ri, potrivit&nbsp;<a href=\"https:\/\/www.euronews.com\/2020\/09\/02\/violent-protests-in-bulgaria-as-mps-debate-changes-to-constitution\" target=\"_blank\" rel=\"noreferrer noopener\">Euronews<\/a>.<\/p>\n\n\n\n<p>For\u0163ele de ordine au folosit spray-uri lacrimogene \u015fi au arestat mai mul\u0163i demonstran\u0163i. De partea cealalt\u0103, manifestan\u021bii au aruncat cu ou\u0103, mere \u015fi gunoaie spre cl\u0103direa parlamentului. Protestatarii au vandalizat ma\u0219ini ale poli\u0163iei, iar circa 20 de agen\u0163i au fost afecta\u0163i de o substan\u0163\u0103 necunoscut\u0103 lansat\u0103 \u00eempotriva lor.<\/p>\n\n\n\n<p>Protestul a avut loc cu ocazia primei \u015fedin\u0163e din sesiunea parlamentar\u0103, dup\u0103 vacan\u0163a de var\u0103 a deputa\u0163ilor. Protestatarii au afirmat c\u0103 este vorba de Marea Revolt\u0103 Na\u0163ional\u0103 ca reac\u0163ie la inten\u0163ia guvernului de a redacta o nou\u0103 Constitu\u0163ie.<\/p>\n\n\n\n<p>sursa: national.ro<\/p>\n","protected":false},"excerpt":{"rendered":"<p>S-a format o coloan\u0103 de TIR-uri pe mai mul\u021bi kilometri, deoarece bulgarii le blocheaz\u0103 accesul \u00een Ruse. \u0218oferii de TIR-uri<\/p>\n","protected":false},"author":1,"featured_media":68151,"comment_status":"closed","ping_status":"closed","sticky":false,"template":"","format":"standard","meta":{"spay_email":"","footnotes":"","jetpack_publicize_message":""},"categories":[12],"tags":[],"class_list":["post-68149","post","type-post","status-publish","format-standard","has-post-thumbnail","hentry","category-stiri-internationale"],"jetpack_featured_media_url":"https:\/\/i1.wp.com\/realitatearutiera.ro\/wp-content\/uploads\/2020\/09\/0b3f6299cadf2ac698842223028.jpg?fit=1136%2C852&ssl=1","jetpack_publicize_connections":[],"jetpack_sharing_enabled":true,"jetpack_shortlink":"https:\/\/wp.me\/p61naM-hJb","jetpack-related-posts":[],"_links":{"self":[{"href":"https:\/\/realitatearutiera.ro\/index.php?rest_route=\/wp\/v2\/posts\/68149","targetHints":{"allow":["GET"]}}],"collection":[{"href":"https:\/\/realitatearutiera.ro\/index.php?rest_route=\/wp\/v2\/posts"}],"about":[{"href":"https:\/\/realitatearutiera.ro\/index.php?rest_route=\/wp\/v2\/types\/post"}],"author":[{"embeddable":true,"href":"https:\/\/realitatearutiera.ro\/index.php?rest_route=\/wp\/v2\/users\/1"}],"replies":[{"embeddable":true,"href":"https:\/\/realitatearutiera.ro\/index.php?rest_route=%2Fwp%2Fv2%2Fcomments&post=68149"}],"version-history":[{"count":1,"href":"https:\/\/realitatearutiera.ro\/index.php?rest_route=\/wp\/v2\/posts\/68149\/revisions"}],"predecessor-version":[{"id":68152,"href":"https:\/\/realitatearutiera.ro\/index.php?rest_route=\/wp\/v2\/posts\/68149\/revisions\/68152"}],"wp:featuredmedia":[{"embeddable":true,"href":"https:\/\/realitatearutiera.ro\/index.php?rest_route=\/wp\/v2\/media\/68151"}],"wp:attachment":[{"href":"https:\/\/realitatearutiera.ro\/index.php?rest_route=%2Fwp%2Fv2%2Fmedia&parent=68149"}],"wp:term":[{"taxonomy":"category","embeddable":true,"href":"https:\/\/realitatearutiera.ro\/index.php?rest_route=%2Fwp%2Fv2%2Fcategories&post=68149"},{"taxonomy":"post_tag","embeddable":true,"href":"https:\/\/realitatearutiera.ro\/index.php?rest_route=%2Fwp%2Fv2%2Ftags&post=68149"}],"curies":[{"name":"wp","href":"https:\/\/api.w.org\/{rel}","templated":true}]}}