{"id":68200,"date":"2020-09-04T09:04:06","date_gmt":"2020-09-04T06:04:06","guid":{"rendered":"http:\/\/realitatearutiera.ro\/?p=68200"},"modified":"2020-09-04T09:04:08","modified_gmt":"2020-09-04T06:04:08","slug":"semnificatii-istorice-ale-zilei-de-04-septembrie","status":"publish","type":"post","link":"https:\/\/realitatearutiera.ro\/?p=68200","title":{"rendered":"Semnifica\u0163ii istorice ale zilei de 04 septembrie"},"content":{"rendered":"\n<p>1768 \u2013 S-a n\u0103scut Francois-Ren\u00e9 Chateaubriand, scriitor francez; considerat fondatorul romantismului \u00een literatura francez\u0103 (\u201eGeniul cre\u015ftinismului sau Frumuse\u0163ea religiei cre\u015ftine\u201d) (m. 4 iulie 1848)<\/p>\n\n\n\n<p>1824 \u2013 S-a n\u0103scut Anton Josef Bruckner, compozitor austriac (m. 11 octombrie 1896)<\/p>\n\n\n\n<p>1907 \u2013 A \u00eencetat din via\u0163\u0103 compozitorul norvegian Edvard Grieg (\u201ePeer Gynt \u201e) (n. 15 iunie 1843)<\/p>\n\n\n\n<p>1912 \u2013 S-a n\u0103scut criticul de art\u0103 Raoul \u015eorban (d. 18 iulie 2006)<\/p>\n\n\n\n<p>1928 \u2013 Rom\u00e2nia a aderat la \u201eTratatul Briand-Kellog\u201d, semnat la Paris, la data de 27 august 1928, privind interzicerea r\u0103zboiului ca instrument al politicii interna\u0163ionale.<\/p>\n\n\n\n<p>1940 \u2013 \u00cen urma demisiei cabinetului rom\u00e2n condus de Ion Gigurtu, a fost format un guvern condus de generalul&nbsp;<a href=\"http:\/\/politicieni.mediafax.ro\/politicieni\/?nume=Ion%20Antonescu#search\" target=\"_blank\" rel=\"noreferrer noopener\">Ion Antonescu<\/a>.<\/p>\n\n\n\n<p>1959 \u2013 A \u00eencetat din via\u0163\u0103 profesorul Iuliu Ha\u0163ieganu, personalitate a medicinii rom\u00e2ne\u015fti, membru al Academiei Rom\u00e2ne. (n. aprilie 1885)<\/p>\n\n\n\n<p>1965 \u2013 A \u00eencetat din via\u0163\u0103 Albert Schweitzer, medic, muzicolog \u015fi teolog protestant, care a primit Premiul Nobel pentru Pace \u00een 1952 (n. 14 ianuarie 1875)<\/p>\n\n\n\n<p>1989 \u2013 A \u00eencetat din via\u0163\u0103 Georges Simenon, scriitor belgian de limb\u0103 francez\u0103, autor a peste 300 de romane poli\u0163iste; a fost membru al Academiei regale din Belgia (n. 13 februarie 1903).<\/p>\n","protected":false},"excerpt":{"rendered":"<p>1768 \u2013 S-a n\u0103scut Francois-Ren\u00e9 Chateaubriand, scriitor francez; considerat fondatorul romantismului \u00een literatura francez\u0103 (\u201eGeniul cre\u015ftinismului sau Frumuse\u0163ea religiei cre\u015ftine\u201d)<\/p>\n","protected":false},"author":1,"featured_media":42125,"comment_status":"closed","ping_status":"closed","sticky":false,"template":"","format":"standard","meta":{"spay_email":"","footnotes":"","jetpack_publicize_message":""},"categories":[6],"tags":[],"class_list":["post-68200","post","type-post","status-publish","format-standard","has-post-thumbnail","hentry","category-social"],"jetpack_featured_media_url":"https:\/\/i2.wp.com\/realitatearutiera.ro\/wp-content\/uploads\/2018\/10\/Calendar-229-820x300.jpg?fit=820%2C300&ssl=1","jetpack_publicize_connections":[],"jetpack_sharing_enabled":true,"jetpack_shortlink":"https:\/\/wp.me\/p61naM-hK0","jetpack-related-posts":[],"_links":{"self":[{"href":"https:\/\/realitatearutiera.ro\/index.php?rest_route=\/wp\/v2\/posts\/68200","targetHints":{"allow":["GET"]}}],"collection":[{"href":"https:\/\/realitatearutiera.ro\/index.php?rest_route=\/wp\/v2\/posts"}],"about":[{"href":"https:\/\/realitatearutiera.ro\/index.php?rest_route=\/wp\/v2\/types\/post"}],"author":[{"embeddable":true,"href":"https:\/\/realitatearutiera.ro\/index.php?rest_route=\/wp\/v2\/users\/1"}],"replies":[{"embeddable":true,"href":"https:\/\/realitatearutiera.ro\/index.php?rest_route=%2Fwp%2Fv2%2Fcomments&post=68200"}],"version-history":[{"count":1,"href":"https:\/\/realitatearutiera.ro\/index.php?rest_route=\/wp\/v2\/posts\/68200\/revisions"}],"predecessor-version":[{"id":68201,"href":"https:\/\/realitatearutiera.ro\/index.php?rest_route=\/wp\/v2\/posts\/68200\/revisions\/68201"}],"wp:featuredmedia":[{"embeddable":true,"href":"https:\/\/realitatearutiera.ro\/index.php?rest_route=\/wp\/v2\/media\/42125"}],"wp:attachment":[{"href":"https:\/\/realitatearutiera.ro\/index.php?rest_route=%2Fwp%2Fv2%2Fmedia&parent=68200"}],"wp:term":[{"taxonomy":"category","embeddable":true,"href":"https:\/\/realitatearutiera.ro\/index.php?rest_route=%2Fwp%2Fv2%2Fcategories&post=68200"},{"taxonomy":"post_tag","embeddable":true,"href":"https:\/\/realitatearutiera.ro\/index.php?rest_route=%2Fwp%2Fv2%2Ftags&post=68200"}],"curies":[{"name":"wp","href":"https:\/\/api.w.org\/{rel}","templated":true}]}}