{"id":68433,"date":"2020-09-09T11:52:17","date_gmt":"2020-09-09T08:52:17","guid":{"rendered":"http:\/\/realitatearutiera.ro\/?p=68433"},"modified":"2020-09-09T11:52:21","modified_gmt":"2020-09-09T08:52:21","slug":"cea-mai-valoroasa-ciclista-de-anduranta-a-romaniei-s-a-stins-din-viata-in-urma-unui-tragic-accident-care-a-avut-loc-pe-un-drum-din-muntii-banatului","status":"publish","type":"post","link":"https:\/\/realitatearutiera.ro\/?p=68433","title":{"rendered":"Cea mai valoroas\u0103 ciclist\u0103 de anduran\u021b\u0103 a Rom\u00e2niei s-a stins din via\u021b\u0103 \u00een urma unui tragic accident care a avut loc pe un drum din Mun\u021bii Banatului"},"content":{"rendered":"\n<p>Este vorba despre Cristina Berna, o ciclist\u0103 simbol pentru \u021bara noastr\u0103, iar anun\u021bul&nbsp;<a href=\"https:\/\/www.capital.ro\/romania-e-pe-lista-neagra-a-europei-alexandru-rafila-avertizeaza-avem-cele-mai-multe-decese.html\" target=\"_blank\" rel=\"noreferrer noopener\">decesului<\/a>&nbsp;s\u0103u a fost f\u0103cut luni, de&nbsp;Iulian Ene, pre\u0219edintele Asocia\u021biei Adev\u0103ra\u021bii Veloprieteni.<\/p>\n\n\n\n<p>Potrivit acestuia, sportiva \u0219i-a pierdut via\u021ba \u00eentr-un accident, \u00een Mun\u021bii Banatului, \u00een timp ce pedela singur\u0103. Se pare c\u0103 aceasta se antrena pentru participarea \u00een competi\u021bia LEL, care ar urma s\u0103 aib\u0103 loc \u00een 2021, \u00een Regatul Unit al Marii Britanii.<\/p>\n\n\n\n<p>\u201eA suferit un tragic&nbsp;<a href=\"https:\/\/www.capital.ro\/rasturnare-de-situatie-in-privinta-accidentului-lui-lucian-bode-ministrul-transporturilor-minte.html\" target=\"_blank\" rel=\"noreferrer noopener\">accident<\/a>&nbsp;in timp ce pedala prin Muntii Banatului, singura, asa cum alesese sa o faca aproape in tot acest an, an al pandemiei, din cauza careia si alesese ca in 2020 sa nu mai parcurga brevete pentru omologare, ci doar trasee de anduranta, singura, pentru a-si dovedi ca este puternic\u0103.<\/p>\n\n\n\n<p>De aproape 5 ani, anduranta facea parte din viata ei. Nu concepea viata fara mers pe bicicleta. Ne-am cunoscut prima data in 2015, la un antrenament catre Ruse, pe un traseu de 200 de km. M-a impresionat de la inceput cat de puternica si ambitioasa era. Peste ani, a dovedit-o din plin. An de an, a obtinut titlul de RANDONN\u201dOR Romania la feminin, oferit ciciclistei cu cei mai multi kilometri pedalati in brevete.<\/p>\n\n\n\n<p>A reusit sa fie printre primele cicliste din Romania prezente atat la London-Edinburgh-London, cat si la Paris-Brest-Paris. Isi dorea sa fie din nou prezenta in 2021 la LEL, in Marea Britanie. Chiar daca, in acest an, alesese sa faca anduranta fara recunoasterea internationala, era hotarata sa revina in 2021, mult mai puternica. Din pacate, Dumnezeu a ales altfel\u2026\u201d, a scris Iulian Ene pe pagina sa de Facebook.<\/p>\n\n\n\n<h3 class=\"wp-block-heading\">\u201d\u00cenc\u0103 nu am \u00een\u021beles de ce\u201d<\/h3>\n\n\n\n<p>Totodat\u0103, acesta se \u00eentreab\u0103 cum de ciclista a ales s\u0103 mearg\u0103 singur\u0103 pe un traseu at\u00e2t de dificil \u0219i a mai precizat c\u0103 va fi nevoie de timp pentru ca el s\u0103 \u00ee\u0219i revin\u0103 din \u0219ocul cauzat la aflarea ve\u0219tii.<\/p>\n\n\n\n<p>\u201eInca nu reusesc sa imi revin din soc si probabil va trece mult timp sa inteleg de ce in acest an isi propusese sa mearga singura, singura pe trasee de anduranta foarte dificile, departe de casa, prin munti. De asemenea, in toti acesti ani, s-a dovedit unul dintre cei mai activi voluntari in cadrul evenimentelor organizate de noi\u201d, mai transmite pre\u0219edintele Asocia\u021biei Adev\u0103ra\u021bii Veloprieteni.<\/p>\n\n\n\n<p>\u00cen ceea ce prive\u0219te producerea accidentului, se pare c\u0103 sportiva ar fi pierdut controlul bicicletei \u0219i ar fi intrat din plin \u00eentr-o autoutilitar\u0103.<\/p>\n\n\n\n<p>\u201eO femeie de 51 de ani, din municipiul Bucuresti in timp ce conducea o bicicleta pe DJ 607 B, in panta din cauza vitezei, a pierdut controlul directiei de mers si a patruns pe contrasens unde a intrat in coliziune frontala cu o autoutilitara condusa de un barbat de 47 de ani, din Punghina.<\/p>\n\n\n\n<p>In urma impactului a rezultat decesul biciclistei. S-a intocmit dosar penal sub aspectul savarsirii infractiunii de ucidere din culpa\u201d, transmite IPJ Mehedin\u021bi.<\/p>\n\n\n\n<p><a href=\"https:\/\/www.capital.ro\/anuntul-zilei-despre-pretul-petrolului-e-veste-buna-pentru-soferii-cu-masini-diesel-si-pe-benzina.html\" target=\"_blank\" rel=\"noreferrer noopener\">\u0218oferul<\/a>, \u0219ocat \u0219i el \u00een urma accidentului a precizat c\u0103 nu a avut cum o s\u0103 o evite pe sportiv\u0103, deoarece aceasta circula cu o vitez\u0103 destul de mare.<\/p>\n\n\n\n<p>\u201eNu am avut cum sa evit. Prinsese viteza. Cand a vazut masina, s-a speriat si nu a mai putut controla bicileta. Bicicleta a ricosat, iar femeia a ajuns, pur si simplu, sub roata masinii\u201d, spune soferul implicat in accident, potrivit Actualmehedinti.ro.<\/p>\n\n\n\n<p>sursa: capital.ro<\/p>\n","protected":false},"excerpt":{"rendered":"<p>Este vorba despre Cristina Berna, o ciclist\u0103 simbol pentru \u021bara noastr\u0103, iar anun\u021bul&nbsp;decesului&nbsp;s\u0103u a fost f\u0103cut luni, de&nbsp;Iulian Ene, pre\u0219edintele<\/p>\n","protected":false},"author":1,"featured_media":34628,"comment_status":"closed","ping_status":"closed","sticky":false,"template":"","format":"standard","meta":{"spay_email":"","footnotes":"","jetpack_publicize_message":""},"categories":[1],"tags":[],"class_list":["post-68433","post","type-post","status-publish","format-standard","has-post-thumbnail","hentry","category-uncategorized"],"jetpack_featured_media_url":"https:\/\/i1.wp.com\/realitatearutiera.ro\/wp-content\/uploads\/2018\/04\/doliu-in-presa-romaneasca-un-jurnalist-respectat-a-murit-la-scurt-timp-dupa-ce-a-fost-internat-18596857.jpg?fit=650%2C433&ssl=1","jetpack_publicize_connections":[],"jetpack_sharing_enabled":true,"jetpack_shortlink":"https:\/\/wp.me\/p61naM-hNL","jetpack-related-posts":[],"_links":{"self":[{"href":"https:\/\/realitatearutiera.ro\/index.php?rest_route=\/wp\/v2\/posts\/68433","targetHints":{"allow":["GET"]}}],"collection":[{"href":"https:\/\/realitatearutiera.ro\/index.php?rest_route=\/wp\/v2\/posts"}],"about":[{"href":"https:\/\/realitatearutiera.ro\/index.php?rest_route=\/wp\/v2\/types\/post"}],"author":[{"embeddable":true,"href":"https:\/\/realitatearutiera.ro\/index.php?rest_route=\/wp\/v2\/users\/1"}],"replies":[{"embeddable":true,"href":"https:\/\/realitatearutiera.ro\/index.php?rest_route=%2Fwp%2Fv2%2Fcomments&post=68433"}],"version-history":[{"count":1,"href":"https:\/\/realitatearutiera.ro\/index.php?rest_route=\/wp\/v2\/posts\/68433\/revisions"}],"predecessor-version":[{"id":68434,"href":"https:\/\/realitatearutiera.ro\/index.php?rest_route=\/wp\/v2\/posts\/68433\/revisions\/68434"}],"wp:featuredmedia":[{"embeddable":true,"href":"https:\/\/realitatearutiera.ro\/index.php?rest_route=\/wp\/v2\/media\/34628"}],"wp:attachment":[{"href":"https:\/\/realitatearutiera.ro\/index.php?rest_route=%2Fwp%2Fv2%2Fmedia&parent=68433"}],"wp:term":[{"taxonomy":"category","embeddable":true,"href":"https:\/\/realitatearutiera.ro\/index.php?rest_route=%2Fwp%2Fv2%2Fcategories&post=68433"},{"taxonomy":"post_tag","embeddable":true,"href":"https:\/\/realitatearutiera.ro\/index.php?rest_route=%2Fwp%2Fv2%2Ftags&post=68433"}],"curies":[{"name":"wp","href":"https:\/\/api.w.org\/{rel}","templated":true}]}}