{"id":68575,"date":"2020-09-14T09:08:49","date_gmt":"2020-09-14T06:08:49","guid":{"rendered":"http:\/\/realitatearutiera.ro\/?p=68575"},"modified":"2020-09-14T09:08:52","modified_gmt":"2020-09-14T06:08:52","slug":"un-copil-de-9-ani-a-fost-grav-accidentat-dupa-ce-masina-in-care-se-afla-s-a-rasturnat-pe-un-drum-in-lucru","status":"publish","type":"post","link":"https:\/\/realitatearutiera.ro\/?p=68575","title":{"rendered":"Un copil de 9 ani, a fost GRAV accidentat ,dup\u0103 ce ma\u015fina \u00een care se afla s-a r\u0103sturnat pe un drum \u00een lucru"},"content":{"rendered":"\n<p>Un accident rutier a avut loc duminic\u0103 \u00een localitatea arge\u015fean\u0103 Pope\u015fti. O ma\u015fin\u0103 s-a r\u0103sturnat. Un copil este r\u0103nit. <\/p>\n\n\n\n<p>Din primele verific\u0103ri efectuate de poli\u0163i\u015ftii din cadrul Forma\u0163iunii Rutiere Coste\u015fti s-a stabilit c\u0103, un b\u0103rbat de 44 de ani, din Pite\u015fti, care conducea un autoturism pe DJ 504, pe raza localit\u0103\u0163ii Pope\u015fti, din direc\u0163ia Pope\u015fti c\u0103tre Izvoru, nu ar fi adaptat viteza \u00een condi\u0163iile unui drum aflat \u00een lucru. <\/p>\n\n\n\n<p>\u015eoferul ar fi pierdut controlul asupra direc\u0163iei de mers \u015fi s-a r\u0103sturnat cu ma\u015fina \u00een \u015fan\u0163ul de pe partea dreapt\u0103. <\/p>\n\n\n\n<p>&#8216;\u00cen urma accidentului, un minor de 9 ani, pasager \u00een autoturism, a fost r\u0103nit \u015fi transportat la spital, cu diagnostic preliminar de traumatism cranio-cerebral \u015fi traumatism la um\u0103rul st\u00e2ng&#8221;, precizeaz\u0103 IPJ Arge\u015f. <\/p>\n\n\n\n<figure class=\"wp-block-image\"><img decoding=\"async\" src=\"https:\/\/i1.wp.com\/adevarul.ro\/assets\/adevarul.ro\/MRImage\/2020\/09\/13\/5f5e36075163ec4271f4720a\/646x404.jpeg?w=800&#038;ssl=1\" alt=\"Title\" data-recalc-dims=\"1\"\/><\/figure>\n\n\n\n<p>\u00a0\u00cen cauz\u0103 a fost \u00eentocmit dosar penal sub aspectul s\u0103v\u00e2r\u015firii infrac\u0163iunii de v\u0103t\u0103mare corporal\u0103 din culp\u0103, iar verific\u0103rile continu\u0103 pentru stabilirea tuturor \u00eemprejur\u0103rilor \u00een care s-a produs evenimentul. \u00a0<\/p>\n\n\n\n<p>Sursa:adevarul<\/p>\n","protected":false},"excerpt":{"rendered":"<p>Un accident rutier a avut loc duminic\u0103 \u00een localitatea arge\u015fean\u0103 Pope\u015fti. O ma\u015fin\u0103 s-a r\u0103sturnat. Un copil este r\u0103nit. Din<\/p>\n","protected":false},"author":1,"featured_media":49070,"comment_status":"closed","ping_status":"closed","sticky":false,"template":"","format":"standard","meta":{"spay_email":"","footnotes":"","jetpack_publicize_message":""},"categories":[1],"tags":[],"class_list":["post-68575","post","type-post","status-publish","format-standard","has-post-thumbnail","hentry","category-uncategorized"],"jetpack_featured_media_url":"https:\/\/i1.wp.com\/realitatearutiera.ro\/wp-content\/uploads\/2019\/04\/accident-grav-pe-dn7-ramnicu-valcea-sibiu-un-sofer-si-a-pierdut-viata-589663.jpeg?fit=620%2C436&ssl=1","jetpack_publicize_connections":[],"jetpack_sharing_enabled":true,"jetpack_shortlink":"https:\/\/wp.me\/p61naM-hQ3","jetpack-related-posts":[],"_links":{"self":[{"href":"https:\/\/realitatearutiera.ro\/index.php?rest_route=\/wp\/v2\/posts\/68575","targetHints":{"allow":["GET"]}}],"collection":[{"href":"https:\/\/realitatearutiera.ro\/index.php?rest_route=\/wp\/v2\/posts"}],"about":[{"href":"https:\/\/realitatearutiera.ro\/index.php?rest_route=\/wp\/v2\/types\/post"}],"author":[{"embeddable":true,"href":"https:\/\/realitatearutiera.ro\/index.php?rest_route=\/wp\/v2\/users\/1"}],"replies":[{"embeddable":true,"href":"https:\/\/realitatearutiera.ro\/index.php?rest_route=%2Fwp%2Fv2%2Fcomments&post=68575"}],"version-history":[{"count":1,"href":"https:\/\/realitatearutiera.ro\/index.php?rest_route=\/wp\/v2\/posts\/68575\/revisions"}],"predecessor-version":[{"id":68577,"href":"https:\/\/realitatearutiera.ro\/index.php?rest_route=\/wp\/v2\/posts\/68575\/revisions\/68577"}],"wp:featuredmedia":[{"embeddable":true,"href":"https:\/\/realitatearutiera.ro\/index.php?rest_route=\/wp\/v2\/media\/49070"}],"wp:attachment":[{"href":"https:\/\/realitatearutiera.ro\/index.php?rest_route=%2Fwp%2Fv2%2Fmedia&parent=68575"}],"wp:term":[{"taxonomy":"category","embeddable":true,"href":"https:\/\/realitatearutiera.ro\/index.php?rest_route=%2Fwp%2Fv2%2Fcategories&post=68575"},{"taxonomy":"post_tag","embeddable":true,"href":"https:\/\/realitatearutiera.ro\/index.php?rest_route=%2Fwp%2Fv2%2Ftags&post=68575"}],"curies":[{"name":"wp","href":"https:\/\/api.w.org\/{rel}","templated":true}]}}