{"id":68667,"date":"2020-09-16T09:07:19","date_gmt":"2020-09-16T06:07:19","guid":{"rendered":"http:\/\/realitatearutiera.ro\/?p=68667"},"modified":"2020-09-16T09:07:22","modified_gmt":"2020-09-16T06:07:22","slug":"autobuz-cu-calatori-in-flacari-la-suceava","status":"publish","type":"post","link":"https:\/\/realitatearutiera.ro\/?p=68667","title":{"rendered":"Autobuz cu c\u0103l\u0103tori \u00een fl\u0103c\u0103ri, la Suceava"},"content":{"rendered":"\n<p>Motorul unui autobuz a luat foc, \u00een timp ce era pe traseu, \u00een jude\u021bul Suceava.<\/p>\n\n\n\n<figure class=\"wp-block-image\"><img decoding=\"async\" src=\"https:\/\/i2.wp.com\/image.stirileprotv.ro\/media\/images\/680xX\/Sep2020\/62147933.jpg?w=800&#038;ssl=1\" alt=\"incendiu autobuz suceava\" data-recalc-dims=\"1\"\/><\/figure>\n\n\n\n<p>Patru c\u0103l\u0103tori, \u00eempreun\u0103 cu \u0219oferul autovehiculului, au reu\u0219it s\u0103 ias\u0103 \u00een siguran\u021b\u0103, \u00eenainte ca fl\u0103c\u0103rile s\u0103 se propage la interior.<\/p>\n\n\n\n<p>La sosirea pompierilor, autobuzul era cuprins \u00een totalitate de v\u00e2lv\u0103taie. Din fericire, nu s-au \u00eenregistrat victime.<\/p>\n\n\n\n<p>Cel mai probabil, spun pompierii, focul a izbucnit din cauza unei posibile defec\u021biuni tehnice cu scurgere de carburant \u00een zona motorului.<\/p>\n\n\n\n<p>Sursa:stirileprotv<\/p>\n","protected":false},"excerpt":{"rendered":"<p>Motorul unui autobuz a luat foc, \u00een timp ce era pe traseu, \u00een jude\u021bul Suceava. Patru c\u0103l\u0103tori, \u00eempreun\u0103 cu \u0219oferul<\/p>\n","protected":false},"author":1,"featured_media":59737,"comment_status":"closed","ping_status":"closed","sticky":false,"template":"","format":"standard","meta":{"spay_email":"","footnotes":"","jetpack_publicize_message":""},"categories":[6],"tags":[],"class_list":["post-68667","post","type-post","status-publish","format-standard","has-post-thumbnail","hentry","category-social"],"jetpack_featured_media_url":"https:\/\/i0.wp.com\/realitatearutiera.ro\/wp-content\/uploads\/2020\/02\/autobuz-in-flacari.jpg?fit=640%2C403&ssl=1","jetpack_publicize_connections":[],"jetpack_sharing_enabled":true,"jetpack_shortlink":"https:\/\/wp.me\/p61naM-hRx","jetpack-related-posts":[],"_links":{"self":[{"href":"https:\/\/realitatearutiera.ro\/index.php?rest_route=\/wp\/v2\/posts\/68667","targetHints":{"allow":["GET"]}}],"collection":[{"href":"https:\/\/realitatearutiera.ro\/index.php?rest_route=\/wp\/v2\/posts"}],"about":[{"href":"https:\/\/realitatearutiera.ro\/index.php?rest_route=\/wp\/v2\/types\/post"}],"author":[{"embeddable":true,"href":"https:\/\/realitatearutiera.ro\/index.php?rest_route=\/wp\/v2\/users\/1"}],"replies":[{"embeddable":true,"href":"https:\/\/realitatearutiera.ro\/index.php?rest_route=%2Fwp%2Fv2%2Fcomments&post=68667"}],"version-history":[{"count":1,"href":"https:\/\/realitatearutiera.ro\/index.php?rest_route=\/wp\/v2\/posts\/68667\/revisions"}],"predecessor-version":[{"id":68671,"href":"https:\/\/realitatearutiera.ro\/index.php?rest_route=\/wp\/v2\/posts\/68667\/revisions\/68671"}],"wp:featuredmedia":[{"embeddable":true,"href":"https:\/\/realitatearutiera.ro\/index.php?rest_route=\/wp\/v2\/media\/59737"}],"wp:attachment":[{"href":"https:\/\/realitatearutiera.ro\/index.php?rest_route=%2Fwp%2Fv2%2Fmedia&parent=68667"}],"wp:term":[{"taxonomy":"category","embeddable":true,"href":"https:\/\/realitatearutiera.ro\/index.php?rest_route=%2Fwp%2Fv2%2Fcategories&post=68667"},{"taxonomy":"post_tag","embeddable":true,"href":"https:\/\/realitatearutiera.ro\/index.php?rest_route=%2Fwp%2Fv2%2Ftags&post=68667"}],"curies":[{"name":"wp","href":"https:\/\/api.w.org\/{rel}","templated":true}]}}