{"id":68668,"date":"2020-09-16T09:05:18","date_gmt":"2020-09-16T06:05:18","guid":{"rendered":"http:\/\/realitatearutiera.ro\/?p=68668"},"modified":"2020-09-16T09:05:21","modified_gmt":"2020-09-16T06:05:21","slug":"un-sofer-din-alba-s-a-rasturnat-cu-automobilul-pe-dn-1-in-afara-localitatii-miercurea-sibiului-o-femeie-a-fost-ranita","status":"publish","type":"post","link":"https:\/\/realitatearutiera.ro\/?p=68668","title":{"rendered":"Un \u0219ofer din Alba s-a r\u0103sturnat cu automobilul pe DN 1, \u00een afara localit\u0103\u021bii Miercurea Sibiului. O femeie a fost r\u0103nit\u0103"},"content":{"rendered":"\n<p><strong>Un \u0219ofer din jude\u021bul Alba a fost implicat miercuri diminea\u021b\u0103, \u00eentr-un accident rutier petrecut pe DN 1, \u00een afara localit\u0103\u021bii Miercurea Sibiului spre Apoldu.<\/strong><\/p>\n\n\n\n<p><strong>Din primele cercet\u0103ri ale poli\u021bi\u0219tilor, se pare c\u0103 \u0219oferul a pierdut controlul ma\u0219inii \u0219i s-a r\u0103sturnat cu automobilul \u00een afara p\u0103r\u021bii carosabile, infirmeaz\u0103 IPJ Sibiu.<\/strong><\/p>\n\n\n\n<p>Potrivit ISU Sibiu, \u00een urma accidentului o femeie \u00een v\u00e2rst\u0103 de 61 de ani, pasager\u0103 \u00een automobilul r\u0103sturnat a fost r\u0103nit\u0103.<\/p>\n\n\n\n<p>La fa\u021ba locului au intervenit pompierii militari de la ISU Sibiu cu un echipaj SMURD. Femeia r\u0103nit\u0103 a primit \u00eengrijiri la fa\u021ba locului \u0219i a fost transportat\u0103 la UPU Sibiu, cu multiple traumatisme.<\/p>\n","protected":false},"excerpt":{"rendered":"<p>Un \u0219ofer din jude\u021bul Alba a fost implicat miercuri diminea\u021b\u0103, \u00eentr-un accident rutier petrecut pe DN 1, \u00een afara localit\u0103\u021bii<\/p>\n","protected":false},"author":1,"featured_media":64422,"comment_status":"closed","ping_status":"closed","sticky":false,"template":"","format":"standard","meta":{"spay_email":"","footnotes":"","jetpack_publicize_message":""},"categories":[1],"tags":[],"class_list":["post-68668","post","type-post","status-publish","format-standard","has-post-thumbnail","hentry","category-uncategorized"],"jetpack_featured_media_url":"https:\/\/i2.wp.com\/realitatearutiera.ro\/wp-content\/uploads\/2020\/05\/accident-rutier-valcea_849f6-1.jpeg?fit=820%2C584&ssl=1","jetpack_publicize_connections":[],"jetpack_sharing_enabled":true,"jetpack_shortlink":"https:\/\/wp.me\/p61naM-hRy","jetpack-related-posts":[],"_links":{"self":[{"href":"https:\/\/realitatearutiera.ro\/index.php?rest_route=\/wp\/v2\/posts\/68668","targetHints":{"allow":["GET"]}}],"collection":[{"href":"https:\/\/realitatearutiera.ro\/index.php?rest_route=\/wp\/v2\/posts"}],"about":[{"href":"https:\/\/realitatearutiera.ro\/index.php?rest_route=\/wp\/v2\/types\/post"}],"author":[{"embeddable":true,"href":"https:\/\/realitatearutiera.ro\/index.php?rest_route=\/wp\/v2\/users\/1"}],"replies":[{"embeddable":true,"href":"https:\/\/realitatearutiera.ro\/index.php?rest_route=%2Fwp%2Fv2%2Fcomments&post=68668"}],"version-history":[{"count":1,"href":"https:\/\/realitatearutiera.ro\/index.php?rest_route=\/wp\/v2\/posts\/68668\/revisions"}],"predecessor-version":[{"id":68669,"href":"https:\/\/realitatearutiera.ro\/index.php?rest_route=\/wp\/v2\/posts\/68668\/revisions\/68669"}],"wp:featuredmedia":[{"embeddable":true,"href":"https:\/\/realitatearutiera.ro\/index.php?rest_route=\/wp\/v2\/media\/64422"}],"wp:attachment":[{"href":"https:\/\/realitatearutiera.ro\/index.php?rest_route=%2Fwp%2Fv2%2Fmedia&parent=68668"}],"wp:term":[{"taxonomy":"category","embeddable":true,"href":"https:\/\/realitatearutiera.ro\/index.php?rest_route=%2Fwp%2Fv2%2Fcategories&post=68668"},{"taxonomy":"post_tag","embeddable":true,"href":"https:\/\/realitatearutiera.ro\/index.php?rest_route=%2Fwp%2Fv2%2Ftags&post=68668"}],"curies":[{"name":"wp","href":"https:\/\/api.w.org\/{rel}","templated":true}]}}