{"id":68714,"date":"2020-09-17T08:33:22","date_gmt":"2020-09-17T05:33:22","guid":{"rendered":"http:\/\/realitatearutiera.ro\/?p=68714"},"modified":"2020-09-17T08:33:25","modified_gmt":"2020-09-17T05:33:25","slug":"un-motociclist-a-ajuns-de-urgenta-la-spitalul-judetean-din-targoviste-dupa-ce-a-fost-lovit-de-o-masina","status":"publish","type":"post","link":"https:\/\/realitatearutiera.ro\/?p=68714","title":{"rendered":"Un motociclist a ajuns de urgen\u0163\u0103 la spitalul jude\u0163ean din T\u00e2rgovi\u015fte dup\u0103 ce a fost lovit de o ma\u015fin\u0103"},"content":{"rendered":"\n<p>Un motociclist \u00een v\u00e2rst\u0103 de 51 de ani a ajuns de urgen\u0163\u0103 la spitalul jude\u0163ean din T\u00e2rgovi\u015fte dup\u0103 ce a fost lovit de o ma\u015fin\u0103.<\/p>\n\n\n\n<p>Din primele date, spun poli\u0163i\u015ftii, de vin\u0103 pentru producerea accidentului ar fi \u015foferul, de 30 de ani, care ar fi ie\u015fit de pe o strad\u0103 l\u0103turalnic\u0103 f\u0103r\u0103 s\u0103 se asigure.<\/p>\n\n\n\n<p>\u00cen urma impactului, motociclistul a suferit r\u0103ni la bra\u0163e \u015fi la cap \u015fi a fost preluat de o ambulan\u0163\u0103.<\/p>\n\n\n\n<p>Poli\u0163i\u015ftii au deschis un dosar penal pentru v\u0103t\u0103mare corporal\u0103 din culp\u0103.<\/p>\n\n\n\n<p>Sursa:stirileprotv<\/p>\n","protected":false},"excerpt":{"rendered":"<p>Un motociclist \u00een v\u00e2rst\u0103 de 51 de ani a ajuns de urgen\u0163\u0103 la spitalul jude\u0163ean din T\u00e2rgovi\u015fte dup\u0103 ce a<\/p>\n","protected":false},"author":1,"featured_media":34778,"comment_status":"closed","ping_status":"closed","sticky":false,"template":"","format":"standard","meta":{"spay_email":"","footnotes":"","jetpack_publicize_message":""},"categories":[1],"tags":[],"class_list":["post-68714","post","type-post","status-publish","format-standard","has-post-thumbnail","hentry","category-uncategorized"],"jetpack_featured_media_url":"https:\/\/i2.wp.com\/realitatearutiera.ro\/wp-content\/uploads\/2018\/04\/motociclist-ranit04.jpg?fit=720%2C480&ssl=1","jetpack_publicize_connections":[],"jetpack_sharing_enabled":true,"jetpack_shortlink":"https:\/\/wp.me\/p61naM-hSi","jetpack-related-posts":[],"_links":{"self":[{"href":"https:\/\/realitatearutiera.ro\/index.php?rest_route=\/wp\/v2\/posts\/68714","targetHints":{"allow":["GET"]}}],"collection":[{"href":"https:\/\/realitatearutiera.ro\/index.php?rest_route=\/wp\/v2\/posts"}],"about":[{"href":"https:\/\/realitatearutiera.ro\/index.php?rest_route=\/wp\/v2\/types\/post"}],"author":[{"embeddable":true,"href":"https:\/\/realitatearutiera.ro\/index.php?rest_route=\/wp\/v2\/users\/1"}],"replies":[{"embeddable":true,"href":"https:\/\/realitatearutiera.ro\/index.php?rest_route=%2Fwp%2Fv2%2Fcomments&post=68714"}],"version-history":[{"count":1,"href":"https:\/\/realitatearutiera.ro\/index.php?rest_route=\/wp\/v2\/posts\/68714\/revisions"}],"predecessor-version":[{"id":68715,"href":"https:\/\/realitatearutiera.ro\/index.php?rest_route=\/wp\/v2\/posts\/68714\/revisions\/68715"}],"wp:featuredmedia":[{"embeddable":true,"href":"https:\/\/realitatearutiera.ro\/index.php?rest_route=\/wp\/v2\/media\/34778"}],"wp:attachment":[{"href":"https:\/\/realitatearutiera.ro\/index.php?rest_route=%2Fwp%2Fv2%2Fmedia&parent=68714"}],"wp:term":[{"taxonomy":"category","embeddable":true,"href":"https:\/\/realitatearutiera.ro\/index.php?rest_route=%2Fwp%2Fv2%2Fcategories&post=68714"},{"taxonomy":"post_tag","embeddable":true,"href":"https:\/\/realitatearutiera.ro\/index.php?rest_route=%2Fwp%2Fv2%2Ftags&post=68714"}],"curies":[{"name":"wp","href":"https:\/\/api.w.org\/{rel}","templated":true}]}}