{"id":69044,"date":"2020-09-25T09:48:58","date_gmt":"2020-09-25T06:48:58","guid":{"rendered":"http:\/\/realitatearutiera.ro\/?p=69044"},"modified":"2020-09-25T09:49:02","modified_gmt":"2020-09-25T06:49:02","slug":"evenimente-care-s-au-intamplat-intr-o-zi-de-25-septembrie","status":"publish","type":"post","link":"https:\/\/realitatearutiera.ro\/?p=69044","title":{"rendered":"Evenimente care s-au \u00eent\u00e2mplat \u00eentr-o zi de 25 septembrie"},"content":{"rendered":"\n<p><strong>\u00a025 septembrie: Gara de Nord era inaugurat\u0103 acum 148 de ani<\/strong><\/p>\n\n\n\n<p>Acum 148 de ani, \u00een 25 septembrie 1972, era inaugurat\u0103 Gara de Nord din Bucure\u0219ti. Tot atunci se deschidea \u0219i prima linie de cale ferat\u0103: Bucure\u0219ti &#8211; Ploie\u0219ti.<\/p>\n\n\n\n<figure class=\"wp-block-image is-resized\"><img loading=\"lazy\" decoding=\"async\" src=\"https:\/\/i0.wp.com\/s.iw.ro\/gateway\/g\/ZmlsZVNvdXJjZT1odHRwJTNBJTJGJTJG\/c3RvcmFnZTA2dHJhbnNjb2Rlci5yY3Mt\/cmRzLnJvJTJGc3RvcmFnZSUyRjIwMjAl\/MkYwOSUyRjI1JTJGMTIzMTY3NF8xMjMx\/Njc0X2dhcmEtZGUtbm9yZC1sYS1pbmF1\/Z3VyYXJlLWNhcHR1cmEtdHYuanBnJnc9\/NzgwJmg9NDQwJmhhc2g9MGFlZjYzMDYyYmQ5NzhlMDcyODY2OTNmMDYwMjgwNTg=.thumb.jpg?resize=388%2C219&#038;ssl=1\" alt=\"gara de nord la inaugurare - captura tv\" width=\"388\" height=\"219\" data-recalc-dims=\"1\" \/><\/figure>\n\n\n\n<p>Patru ani au durat lucr\u0103rile. La deschidere, sta\u021bia din Bucure\u0219ti se numea Gara T\u00e2rgovi\u0219te \u0219i era al doilea terminal feroviar din Capital\u0103.<\/p>\n\n\n\n<p>\u00cen prezent, cea mai lung\u0103 distan\u021b\u0103 pe care o parcurge un tren care pleac\u0103 din Gara de Nord este de 897 de km: Bucure\u0219ti &#8211; Budapesta (via Oradea).<\/p>\n\n\n\n<h4 class=\"wp-block-heading\" id=\"highlight-1373573-1\">Se na\u0219te forma\u021bia U2<\/h4>\n\n\n\n<p>Tot \u00eentr-o zi de 25 septembrie, \u00een 1976, se \u00eenfiin\u021ba forma\u021bia U2. Larry Mullen Jr., care avea atunci 14 ani, punea un anun\u021b la avizierul \u0219colii la care \u00eenv\u0103\u021ba. Spunea c\u0103 este \u00een c\u0103utare de c\u00e2nt\u0103re\u021bi pentru o forma\u021bie. 6 adolescen\u021bi, printre care Paul Hewson (Bono), David Evans (The Edge) \u0219i Adam Clayton, se prezentau la audi\u021bii. Lua na\u0219tere trupa \u201eFeedback\u201d, cunoscut\u0103 azi ca U2.<\/p>\n\n\n\n<figure class=\"wp-block-image is-resized\"><img loading=\"lazy\" decoding=\"async\" src=\"https:\/\/i1.wp.com\/www.europafm.ro\/wp-content\/uploads\/2015\/05\/u2.jpg?resize=300%2C187&#038;ssl=1\" alt=\"10 piese U2 care au f\u0103cut din trupa irlandez\u0103 una dintre cele mai bune din  toate timpurile \u2013 VIDEO : Europa FM\" width=\"300\" height=\"187\" data-recalc-dims=\"1\" \/><\/figure>\n\n\n\n<p>Forma\u021bia U2 a v\u00e2ndut peste 150 milioane de discuri \u00een toat\u0103 lumea. Turneul \u201e360\u201d (2009 &#8211; 2011) a avut cele mai mari \u00eencas\u0103ri din istorie \u0219i cel mai numeros public.<\/p>\n\n\n\n<h4 class=\"wp-block-heading\" id=\"highlight-1373573-2\">Record \u00een Formula 1<\/h4>\n\n\n\n<p>Fernando Alonso, pilotul de Formula 1 al echipei Renault, termin\u0103 pe locul al treilea cursa din Brazilia. A fost de ajuns ca spaniolul s\u0103 c\u00e2\u0219tige campionatul din 2005.\u00a0<strong>Fernando Alonso<\/strong>\u00a0devenea cel mai t\u00e2n\u0103r campion mondial de Formula 1, cu dou\u0103 etape \u00eenainte de finalul competi\u021biei. \u00cel<br>detrona atunci pe celebrul Michael Schumacher.<\/p>\n\n\n\n<figure class=\"wp-block-image is-resized\"><img loading=\"lazy\" decoding=\"async\" src=\"https:\/\/i1.wp.com\/i.guim.co.uk\/img\/media\/2f963a969f343dc3b036bf3fd3a69f95a4e4032b\/0_353_4116_2470\/master\/4116.jpg?resize=260%2C260&#038;ssl=1\" alt=\"Fernando Alonso confirms return to F1 with Renault for 2021 | Sport | The  Guardian\" width=\"260\" height=\"260\" data-recalc-dims=\"1\" \/><\/figure>\n\n\n\n<p>Pilotul avea v\u00e2rsta de 24 de ani. Un an mai t\u00e2rziu, \u00een 2006, Fernando Alonso c\u00e2\u0219tiga, din nou, titlul de campion mondial \u00een Formula 1.<\/p>\n\n\n\n<p>Sursa:digi24<\/p>\n\n\n\n<p><\/p>\n","protected":false},"excerpt":{"rendered":"<p>\u00a025 septembrie: Gara de Nord era inaugurat\u0103 acum 148 de ani Acum 148 de ani, \u00een 25 septembrie 1972, era<\/p>\n","protected":false},"author":1,"featured_media":69045,"comment_status":"closed","ping_status":"closed","sticky":false,"template":"","format":"standard","meta":{"spay_email":"","footnotes":"","jetpack_publicize_message":""},"categories":[6],"tags":[],"class_list":["post-69044","post","type-post","status-publish","format-standard","has-post-thumbnail","hentry","category-social"],"jetpack_featured_media_url":"https:\/\/i0.wp.com\/realitatearutiera.ro\/wp-content\/uploads\/2020\/09\/51162599-calendar-on-white-background-25-september-3d-illustration-.jpg?fit=1300%2C1300&ssl=1","jetpack_publicize_connections":[],"jetpack_sharing_enabled":true,"jetpack_shortlink":"https:\/\/wp.me\/p61naM-hXC","jetpack-related-posts":[],"_links":{"self":[{"href":"https:\/\/realitatearutiera.ro\/index.php?rest_route=\/wp\/v2\/posts\/69044","targetHints":{"allow":["GET"]}}],"collection":[{"href":"https:\/\/realitatearutiera.ro\/index.php?rest_route=\/wp\/v2\/posts"}],"about":[{"href":"https:\/\/realitatearutiera.ro\/index.php?rest_route=\/wp\/v2\/types\/post"}],"author":[{"embeddable":true,"href":"https:\/\/realitatearutiera.ro\/index.php?rest_route=\/wp\/v2\/users\/1"}],"replies":[{"embeddable":true,"href":"https:\/\/realitatearutiera.ro\/index.php?rest_route=%2Fwp%2Fv2%2Fcomments&post=69044"}],"version-history":[{"count":1,"href":"https:\/\/realitatearutiera.ro\/index.php?rest_route=\/wp\/v2\/posts\/69044\/revisions"}],"predecessor-version":[{"id":69046,"href":"https:\/\/realitatearutiera.ro\/index.php?rest_route=\/wp\/v2\/posts\/69044\/revisions\/69046"}],"wp:featuredmedia":[{"embeddable":true,"href":"https:\/\/realitatearutiera.ro\/index.php?rest_route=\/wp\/v2\/media\/69045"}],"wp:attachment":[{"href":"https:\/\/realitatearutiera.ro\/index.php?rest_route=%2Fwp%2Fv2%2Fmedia&parent=69044"}],"wp:term":[{"taxonomy":"category","embeddable":true,"href":"https:\/\/realitatearutiera.ro\/index.php?rest_route=%2Fwp%2Fv2%2Fcategories&post=69044"},{"taxonomy":"post_tag","embeddable":true,"href":"https:\/\/realitatearutiera.ro\/index.php?rest_route=%2Fwp%2Fv2%2Ftags&post=69044"}],"curies":[{"name":"wp","href":"https:\/\/api.w.org\/{rel}","templated":true}]}}