{"id":69274,"date":"2020-10-01T10:59:38","date_gmt":"2020-10-01T07:59:38","guid":{"rendered":"http:\/\/realitatearutiera.ro\/?p=69274"},"modified":"2020-10-01T11:05:20","modified_gmt":"2020-10-01T08:05:20","slug":"pietonii-nu-sunt-in-siguranta-cand-pe-treceri-cand-traverseaza","status":"publish","type":"post","link":"https:\/\/realitatearutiera.ro\/?p=69274","title":{"rendered":"Pietonii nu sunt \u00een siguran\u021b\u0103 pe\u201d treceri\u201d c\u00e2nd traverseaz\u0103"},"content":{"rendered":"\n<h4 class=\"wp-block-heading\"><strong>Ieri, poli\u021bi\u0219tii din Piatra Neam\u021b au intervenit la un accident rutier produs pe Bulevardul 9 Mai, soldat cu r\u0103nirea unei persoane.<\/strong><\/h4>\n\n\n\n<p>Din primele cercet\u0103ri efectuate de poli\u021bi\u0219ti a reie\u0219it c\u0103, \u00een timp ce un b\u0103rbat de 64 de ani, din Borle\u0219ti, conducea un autoturism pe Bulevardul 9 Mai din Piatra Neam\u021b, din direc\u021bia Bicaz \u2013&nbsp; Bac\u0103u, a surprins \u0219i accidentat un minor de 14 ani, din Piatra Neam\u021b, care era angajat \u00een traversarea str\u0103zii regulamentar, pe trecerea pentru pietoni.<\/p>\n\n\n\n<p>\u00cen urma impactului a rezultat r\u0103nirea minorului, care a fost preluat \u0219i transportat la spital pentru \u00eengrijiri medicale de specialitate.<\/p>\n\n\n\n<h4 class=\"wp-block-heading\"><strong>\u0218i \u00een aceast\u0103 diminea\u021b\u0103, un accident similar a avut loc pe o trecere pentru pietoni din zona LIDL (gar\u0103) Piatra-Neam\u021b.<\/strong><\/h4>\n\n\n\n<p>Potrivit poli\u021bi\u0219tilor o minor\u0103 \u00een v\u00e2rst\u0103 de 14 ani, din Bode\u0219ti, a fost accidentat\u0103 pe trecerea pentru pietoni de un \u0219ofer de 69 de ani, din Piatra-Neam\u021b.<\/p>\n\n\n\n<p>\u00cen urma impactului a rezultat r\u0103nirea fetei, care a fost preluat\u0103 \u0219i transportat\u0103 la spital pentru \u00eengrijiri medicale de specialitate.<\/p>\n\n\n\n<p>\u00cen ambele situa\u021bii, conduc\u0103torii auto au fost testa\u021bi cu aparatul etilotest, rezultatul fiind negative.<\/p>\n\n\n\n<p>Poli\u021bi\u0219tii continu\u0103 cercet\u0103rile sub aspectul comiterii infrac\u021biunii de v\u0103t\u0103mare corporal\u0103 din culp\u0103.<\/p>\n\n\n\n<p>Sursa:stiri-neamt<\/p>\n","protected":false},"excerpt":{"rendered":"<p>Ieri, poli\u021bi\u0219tii din Piatra Neam\u021b au intervenit la un accident rutier produs pe Bulevardul 9 Mai, soldat cu r\u0103nirea unei<\/p>\n","protected":false},"author":1,"featured_media":69275,"comment_status":"closed","ping_status":"closed","sticky":false,"template":"","format":"standard","meta":{"spay_email":"","footnotes":"","jetpack_publicize_message":""},"categories":[1],"tags":[],"class_list":["post-69274","post","type-post","status-publish","format-standard","has-post-thumbnail","hentry","category-uncategorized"],"jetpack_featured_media_url":"https:\/\/i2.wp.com\/realitatearutiera.ro\/wp-content\/uploads\/2020\/10\/0a0cbd11a9140874dde531367ebc7dd9_XL.jpg?fit=900%2C515&ssl=1","jetpack_publicize_connections":[],"jetpack_sharing_enabled":true,"jetpack_shortlink":"https:\/\/wp.me\/p61naM-i1k","jetpack-related-posts":[],"_links":{"self":[{"href":"https:\/\/realitatearutiera.ro\/index.php?rest_route=\/wp\/v2\/posts\/69274","targetHints":{"allow":["GET"]}}],"collection":[{"href":"https:\/\/realitatearutiera.ro\/index.php?rest_route=\/wp\/v2\/posts"}],"about":[{"href":"https:\/\/realitatearutiera.ro\/index.php?rest_route=\/wp\/v2\/types\/post"}],"author":[{"embeddable":true,"href":"https:\/\/realitatearutiera.ro\/index.php?rest_route=\/wp\/v2\/users\/1"}],"replies":[{"embeddable":true,"href":"https:\/\/realitatearutiera.ro\/index.php?rest_route=%2Fwp%2Fv2%2Fcomments&post=69274"}],"version-history":[{"count":2,"href":"https:\/\/realitatearutiera.ro\/index.php?rest_route=\/wp\/v2\/posts\/69274\/revisions"}],"predecessor-version":[{"id":69277,"href":"https:\/\/realitatearutiera.ro\/index.php?rest_route=\/wp\/v2\/posts\/69274\/revisions\/69277"}],"wp:featuredmedia":[{"embeddable":true,"href":"https:\/\/realitatearutiera.ro\/index.php?rest_route=\/wp\/v2\/media\/69275"}],"wp:attachment":[{"href":"https:\/\/realitatearutiera.ro\/index.php?rest_route=%2Fwp%2Fv2%2Fmedia&parent=69274"}],"wp:term":[{"taxonomy":"category","embeddable":true,"href":"https:\/\/realitatearutiera.ro\/index.php?rest_route=%2Fwp%2Fv2%2Fcategories&post=69274"},{"taxonomy":"post_tag","embeddable":true,"href":"https:\/\/realitatearutiera.ro\/index.php?rest_route=%2Fwp%2Fv2%2Ftags&post=69274"}],"curies":[{"name":"wp","href":"https:\/\/api.w.org\/{rel}","templated":true}]}}