{"id":69361,"date":"2020-10-05T09:22:15","date_gmt":"2020-10-05T06:22:15","guid":{"rendered":"http:\/\/realitatearutiera.ro\/?p=69361"},"modified":"2020-10-05T09:22:18","modified_gmt":"2020-10-05T06:22:18","slug":"alcoolul-l-a-impiedicat-pe-un-sofer-sa-distinga-culorile-semaforului","status":"publish","type":"post","link":"https:\/\/realitatearutiera.ro\/?p=69361","title":{"rendered":"Alcoolul l-a \u00eempiedicat pe un \u0219ofer s\u0103 disting\u0103 culorile semaforului"},"content":{"rendered":"\n<p>Un echipaj de la Biroul Rutier al Poli\u021biei municipiului Suceava, care ac\u021biona vineri sear\u0103, \u00een jurul orei 21.00, \u00een intersec\u021bia din zona Lidl Obcini, a observat cum \u0219oferul unui VW Golf, care circula dinspre \u0218cheia spre municipiul Suceava, a p\u0103truns \u00een intersec\u021bia dintre Calea Obcinilor \u0219i bulevardul George Enescu pe culoarea ro\u0219ie a semaforului, continu\u00e2ndu-\u0219i deplasarea prin intersec\u021bie.<\/p>\n\n\n\n<p>Poli\u021bi\u0219tii au oprit ma\u0219ina, la volan fiind identificat un b\u0103rbat \u00een v\u00e2rst\u0103 de 71 de ani, cu domiciliul \u00een \u0218cheia. B\u0103rbatul emana miros de alcool, iar etilotestul a indicat concentra\u021bia de 0,65 miligrame per litru alcool pur \u00een aerul expirat. B\u0103rbatul de 71 de ani a fost condus la Spitalul Jude\u021bean, unde i s-au recoltat probe biologice pentru stabilirea alcoolemiei \u00een s\u00e2nge.<\/p>\n\n\n\n<p>Pe numele \u0219oferului pericol public a fost deschis dosar penal pentru comiterea infrac\u021biunii de conducerea unui autovehicul sub influen\u021ba b\u0103uturilor alcoolice.<\/p>\n\n\n\n<p>Sursa:monitorulsv<\/p>\n","protected":false},"excerpt":{"rendered":"<p>Un echipaj de la Biroul Rutier al Poli\u021biei municipiului Suceava, care ac\u021biona vineri sear\u0103, \u00een jurul orei 21.00, \u00een intersec\u021bia<\/p>\n","protected":false},"author":1,"featured_media":69362,"comment_status":"closed","ping_status":"closed","sticky":false,"template":"","format":"standard","meta":{"spay_email":"","footnotes":"","jetpack_publicize_message":""},"categories":[6],"tags":[],"class_list":["post-69361","post","type-post","status-publish","format-standard","has-post-thumbnail","hentry","category-social"],"jetpack_featured_media_url":"https:\/\/i2.wp.com\/realitatearutiera.ro\/wp-content\/uploads\/2020\/10\/FAZA-ZILEI-Taximetrist-inregistrat-de-un-sofer-cand-trece-pe-rosu-VIDEO.jpg?fit=327%2C177&ssl=1","jetpack_publicize_connections":[],"jetpack_sharing_enabled":true,"jetpack_shortlink":"https:\/\/wp.me\/p61naM-i2J","jetpack-related-posts":[],"_links":{"self":[{"href":"https:\/\/realitatearutiera.ro\/index.php?rest_route=\/wp\/v2\/posts\/69361","targetHints":{"allow":["GET"]}}],"collection":[{"href":"https:\/\/realitatearutiera.ro\/index.php?rest_route=\/wp\/v2\/posts"}],"about":[{"href":"https:\/\/realitatearutiera.ro\/index.php?rest_route=\/wp\/v2\/types\/post"}],"author":[{"embeddable":true,"href":"https:\/\/realitatearutiera.ro\/index.php?rest_route=\/wp\/v2\/users\/1"}],"replies":[{"embeddable":true,"href":"https:\/\/realitatearutiera.ro\/index.php?rest_route=%2Fwp%2Fv2%2Fcomments&post=69361"}],"version-history":[{"count":1,"href":"https:\/\/realitatearutiera.ro\/index.php?rest_route=\/wp\/v2\/posts\/69361\/revisions"}],"predecessor-version":[{"id":69363,"href":"https:\/\/realitatearutiera.ro\/index.php?rest_route=\/wp\/v2\/posts\/69361\/revisions\/69363"}],"wp:featuredmedia":[{"embeddable":true,"href":"https:\/\/realitatearutiera.ro\/index.php?rest_route=\/wp\/v2\/media\/69362"}],"wp:attachment":[{"href":"https:\/\/realitatearutiera.ro\/index.php?rest_route=%2Fwp%2Fv2%2Fmedia&parent=69361"}],"wp:term":[{"taxonomy":"category","embeddable":true,"href":"https:\/\/realitatearutiera.ro\/index.php?rest_route=%2Fwp%2Fv2%2Fcategories&post=69361"},{"taxonomy":"post_tag","embeddable":true,"href":"https:\/\/realitatearutiera.ro\/index.php?rest_route=%2Fwp%2Fv2%2Ftags&post=69361"}],"curies":[{"name":"wp","href":"https:\/\/api.w.org\/{rel}","templated":true}]}}