{"id":69590,"date":"2020-10-09T14:08:59","date_gmt":"2020-10-09T11:08:59","guid":{"rendered":"http:\/\/realitatearutiera.ro\/?p=69590"},"modified":"2020-10-09T14:09:02","modified_gmt":"2020-10-09T11:09:02","slug":"producatorul-auto-german-care-vrea-sa-scape-de-toate-masinile-pe-benzina-si-motorina-pana-in-2023-in-ce-tara-vrea-sa-faca-acest-lucru","status":"publish","type":"post","link":"https:\/\/realitatearutiera.ro\/?p=69590","title":{"rendered":"Produc\u0103torul auto german care vrea s\u0103 scape de toate ma\u015finile pe benzin\u0103 \u015fi motorin\u0103 p\u00e2n\u0103 \u00een 2023. \u00cen ce \u0163ar\u0103 vrea s\u0103 fac\u0103 acest lucru"},"content":{"rendered":"\n<p>Produc\u0103torul german de autovehicule Volkswagen estimeaz\u0103 c\u0103 vehiculele electrice vor reprezenta aproximativ 90% din v\u00e2nz\u0103rile de autovehicule din Norvegia, cea mai important\u0103 pia\u0163\u0103 de vehicule electrice din lume, \u00eenc\u0103 de anul viitor, gra\u0163ie sprijinului politic stabil, scriu cei de la thedriven.io.<\/p>\n\n\n\n<p>Noul ID.3 lansat de Volkswagen a devenit cel mai bine v\u00e2ndut vehicul electric din Norvegia, unde v\u00e2nz\u0103rile totale de vehicule electrice au dep\u0103\u015fit cota de pia\u0163\u0103 de 60% din totalul v\u00e2nz\u0103rilor de automobile din septembrie. Volkswagen ID.3 a fost lansat pe pia\u0163a norvegian\u0103 pe 28 august \u015fi se vinde \u00een Norvegia cu 32.000 de euro (modelul de baz\u0103) sau circa 36.500 de euro (modelul Plus).<\/p>\n\n\n\n<p>Harald A. Moeller, importatorul norvegian de ma\u015fini Volkswagen, a f\u0103cut \u015fi o alt\u0103 predic\u0163ie conform c\u0103reia Volkswagen ar putea \u00eenlocui complet toate ma\u015finile diesel \u015fi pe benzin\u0103 cu cele electrice p\u00e2n\u0103 \u00een 2023.<\/p>\n\n\n\n<p>Ca \u015fi ID.3, dup\u0103 Nissan Leaf, Volkswagen e-Golf este cea mai r\u0103sp\u00e2ndit\u0103 ma\u015fin\u0103 electric\u0103 din Norvegia, cu aproape 50.000 de automobile.<\/p>\n\n\n\n<p>\u00cencrederea Volkwagen c\u0103 lucrurile se vor \u00eembun\u0103t\u0103\u0163i \u00een ceea ce prive\u015fte v\u00e2nz\u0103rile de ma\u015fini electrice din Norvegia vine dup\u0103 anun\u0163area planului de cheltuieli fiscale pentru 2021 de c\u0103tre guvern, care a extins politica na\u0163ional\u0103 de impozitare zero pentru ma\u015finile complet electrice.<\/p>\n","protected":false},"excerpt":{"rendered":"<p>Produc\u0103torul german de autovehicule Volkswagen estimeaz\u0103 c\u0103 vehiculele electrice vor reprezenta aproximativ 90% din v\u00e2nz\u0103rile de autovehicule din Norvegia, cea<\/p>\n","protected":false},"author":1,"featured_media":45980,"comment_status":"closed","ping_status":"closed","sticky":false,"template":"","format":"standard","meta":{"spay_email":"","footnotes":"","jetpack_publicize_message":""},"categories":[12],"tags":[],"class_list":["post-69590","post","type-post","status-publish","format-standard","has-post-thumbnail","hentry","category-stiri-internationale"],"jetpack_featured_media_url":"https:\/\/i1.wp.com\/realitatearutiera.ro\/wp-content\/uploads\/2019\/01\/VW.jpg?fit=4500%2C3000&ssl=1","jetpack_publicize_connections":[],"jetpack_sharing_enabled":true,"jetpack_shortlink":"https:\/\/wp.me\/p61naM-i6q","jetpack-related-posts":[],"_links":{"self":[{"href":"https:\/\/realitatearutiera.ro\/index.php?rest_route=\/wp\/v2\/posts\/69590","targetHints":{"allow":["GET"]}}],"collection":[{"href":"https:\/\/realitatearutiera.ro\/index.php?rest_route=\/wp\/v2\/posts"}],"about":[{"href":"https:\/\/realitatearutiera.ro\/index.php?rest_route=\/wp\/v2\/types\/post"}],"author":[{"embeddable":true,"href":"https:\/\/realitatearutiera.ro\/index.php?rest_route=\/wp\/v2\/users\/1"}],"replies":[{"embeddable":true,"href":"https:\/\/realitatearutiera.ro\/index.php?rest_route=%2Fwp%2Fv2%2Fcomments&post=69590"}],"version-history":[{"count":1,"href":"https:\/\/realitatearutiera.ro\/index.php?rest_route=\/wp\/v2\/posts\/69590\/revisions"}],"predecessor-version":[{"id":69591,"href":"https:\/\/realitatearutiera.ro\/index.php?rest_route=\/wp\/v2\/posts\/69590\/revisions\/69591"}],"wp:featuredmedia":[{"embeddable":true,"href":"https:\/\/realitatearutiera.ro\/index.php?rest_route=\/wp\/v2\/media\/45980"}],"wp:attachment":[{"href":"https:\/\/realitatearutiera.ro\/index.php?rest_route=%2Fwp%2Fv2%2Fmedia&parent=69590"}],"wp:term":[{"taxonomy":"category","embeddable":true,"href":"https:\/\/realitatearutiera.ro\/index.php?rest_route=%2Fwp%2Fv2%2Fcategories&post=69590"},{"taxonomy":"post_tag","embeddable":true,"href":"https:\/\/realitatearutiera.ro\/index.php?rest_route=%2Fwp%2Fv2%2Ftags&post=69590"}],"curies":[{"name":"wp","href":"https:\/\/api.w.org\/{rel}","templated":true}]}}