{"id":69639,"date":"2020-10-12T10:55:58","date_gmt":"2020-10-12T07:55:58","guid":{"rendered":"http:\/\/realitatearutiera.ro\/?p=69639"},"modified":"2020-10-12T10:56:01","modified_gmt":"2020-10-12T07:56:01","slug":"accident-grav-in-judetul-sibiu-coliziune-intre-un-autoturism-si-doua-microbuze","status":"publish","type":"post","link":"https:\/\/realitatearutiera.ro\/?p=69639","title":{"rendered":"Accident grav \u00een jude\u021bul Sibiu: coliziune \u00eentre un autoturism \u0219i dou\u0103 microbuze"},"content":{"rendered":"\n<p>O coliziune \u00eentre un autoturism \u0219i dou\u0103 microbuze de transport persoane a avut loc \u00een Media\u0219, jud. Sibiu. \u00cen fiecare microbuz se aflau c\u00e2te 8 pasageri \u0219i \u0219oferul. Dou\u0103 persoane aflate \u00eentr-unul dintre microbuze au fost transporate la spital, con\u0219tiente, informeaz\u0103 Poli\u021bia \u0219i serviciul de ambulan\u021b\u0103.<\/p>\n\n\n\n<p>Poli\u021bi\u0219tii rutieri sunt la fa\u021b\u0103 locului \u0219i efectueaz\u0103 cercet\u0103ri \u00een vederea stabilirii tuturor \u00eemprejur\u0103rilor \u00een care s-a produs acest accident. Traficul \u00een zona este \u00eengreunat.<\/p>\n\n\n\n<p>Serviciul de ambulan\u021b\u0103 a trimis la locul accidentului, \u00een Media\u0219, pe str G\u0103rii, un echipaj de tip B. Trei persoane au avut nevoie de \u00eengrijiri medicale. SAJ Sibiu a transportat la CPU Media\u0219 dou\u0103 victime, b\u0103rba\u021bi de 45, respectiv 47 de ani. Primul prezint\u0103 traumatusm toracic anterior iar cel de-al doilea TCC acut \u00eenchis. Ambele victime sunt \u00een stare stabil\u0103.<\/p>\n\n\n\n<p>La interven\u021bie participa \u0219i un echipaj ISU.<\/p>\n\n\n\n<p>sursa: stiripesurse.ro<\/p>\n","protected":false},"excerpt":{"rendered":"<p>O coliziune \u00eentre un autoturism \u0219i dou\u0103 microbuze de transport persoane a avut loc \u00een Media\u0219, jud. Sibiu. \u00cen fiecare<\/p>\n","protected":false},"author":1,"featured_media":66697,"comment_status":"closed","ping_status":"closed","sticky":false,"template":"","format":"standard","meta":{"spay_email":"","footnotes":"","jetpack_publicize_message":""},"categories":[6],"tags":[],"class_list":["post-69639","post","type-post","status-publish","format-standard","has-post-thumbnail","hentry","category-social"],"jetpack_featured_media_url":"https:\/\/i1.wp.com\/realitatearutiera.ro\/wp-content\/uploads\/2020\/07\/accident-10.jpg?fit=1060%2C600&ssl=1","jetpack_publicize_connections":[],"jetpack_sharing_enabled":true,"jetpack_shortlink":"https:\/\/wp.me\/p61naM-i7d","jetpack-related-posts":[],"_links":{"self":[{"href":"https:\/\/realitatearutiera.ro\/index.php?rest_route=\/wp\/v2\/posts\/69639","targetHints":{"allow":["GET"]}}],"collection":[{"href":"https:\/\/realitatearutiera.ro\/index.php?rest_route=\/wp\/v2\/posts"}],"about":[{"href":"https:\/\/realitatearutiera.ro\/index.php?rest_route=\/wp\/v2\/types\/post"}],"author":[{"embeddable":true,"href":"https:\/\/realitatearutiera.ro\/index.php?rest_route=\/wp\/v2\/users\/1"}],"replies":[{"embeddable":true,"href":"https:\/\/realitatearutiera.ro\/index.php?rest_route=%2Fwp%2Fv2%2Fcomments&post=69639"}],"version-history":[{"count":1,"href":"https:\/\/realitatearutiera.ro\/index.php?rest_route=\/wp\/v2\/posts\/69639\/revisions"}],"predecessor-version":[{"id":69640,"href":"https:\/\/realitatearutiera.ro\/index.php?rest_route=\/wp\/v2\/posts\/69639\/revisions\/69640"}],"wp:featuredmedia":[{"embeddable":true,"href":"https:\/\/realitatearutiera.ro\/index.php?rest_route=\/wp\/v2\/media\/66697"}],"wp:attachment":[{"href":"https:\/\/realitatearutiera.ro\/index.php?rest_route=%2Fwp%2Fv2%2Fmedia&parent=69639"}],"wp:term":[{"taxonomy":"category","embeddable":true,"href":"https:\/\/realitatearutiera.ro\/index.php?rest_route=%2Fwp%2Fv2%2Fcategories&post=69639"},{"taxonomy":"post_tag","embeddable":true,"href":"https:\/\/realitatearutiera.ro\/index.php?rest_route=%2Fwp%2Fv2%2Ftags&post=69639"}],"curies":[{"name":"wp","href":"https:\/\/api.w.org\/{rel}","templated":true}]}}