{"id":69661,"date":"2020-10-13T08:49:04","date_gmt":"2020-10-13T05:49:04","guid":{"rendered":"http:\/\/realitatearutiera.ro\/?p=69661"},"modified":"2020-10-13T08:49:07","modified_gmt":"2020-10-13T05:49:07","slug":"cod-galben-de-ploi-in-aproape-toata-tara-si-ninsori-in-zona-de-munte","status":"publish","type":"post","link":"https:\/\/realitatearutiera.ro\/?p=69661","title":{"rendered":"Cod galben de ploi \u00een aproape toat\u0103 \u021bara \u0219i ninsori \u00een zona de munte"},"content":{"rendered":"\n<h4 class=\"wp-block-heading\"><strong>Administra\u0163ia Na\u0163ional\u0103 de Meteorologie (ANM) a emis, ast\u0103zi, o avertizare meteo Cod galben de&nbsp;intensific\u0103ri ale v\u00e2ntului, ploi \u00eensemnate cantitativ, instabilitate atmosferic\u0103.<\/strong><\/h4>\n\n\n\n<h3 class=\"wp-block-heading\"><strong>COD GALBEN<\/strong><\/h3>\n\n\n\n<p>Interval de valabilitate:\u00a0<strong>13 octombrie, ora 09:00 \u2013 13 octombrie, ora 21:00<\/strong><br>Fenomene vizate:<strong>\u00a0intensific\u0103ri ale v\u00e2ntului, ploi \u00eensemnate cantitativ, instabilitate atmosferic\u0103<\/strong>.<\/p>\n\n\n\n<p>\u00cen intervalul men\u021bionat, v\u00e2ntul va sufla tare la munte, cu rafale de peste 100\u2026130 km\/h, cu prec\u0103dere \u00een zona \u00eenalt\u0103 a Carpa\u021bilor Meridionali \u0219i Orientali. Temporar vor fi intensific\u0103ri \u0219i \u00een restul \u021b\u0103rii, cu viteze \u00een general \u00eentre 55\u202665 km\/h, iar local \u00een Transilvania, Muntenia, Dobrogea \u0219i Moldova de peste 70\u202680 km\/h.<\/p>\n\n\n\n<p>\u00cen cea mai mare parte a \u021b\u0103rii temporar va ploua. Ploile vor avea \u0219i caracter toren\u021bial, iar \u00een regiunile sudice, estice \u0219i centrale vor fi \u00eenso\u021bite de desc\u0103rc\u0103ri electrice \u0219i izolat de grindin\u0103. Cantit\u0103\u021bile de ap\u0103 vor dep\u0103\u0219i 25\u202630 l\/mp \u0219i pe arii restr\u00e2nse 40\u202660 l\/mp.<\/p>\n\n\n\n<p><em><strong>Not\u0103<\/strong><\/em>:&nbsp;Mar\u021bi, vremea se va r\u0103ci accentuat \u00een vest, sud-vest \u0219i local \u00een centru, unde va deveni deosebit de rece pentru aceast\u0103 dat\u0103, iar \u00een zona montan\u0103 \u00eenalt\u0103, trec\u0103tor, se vor semnala precipita\u021bii mixte.<\/p>\n\n\n\n<p>\u00cen cursul nop\u021bii de mar\u021bi spre miercuri \u0219i pe parcursul zilei de miercuri, vor mai fi intensific\u0103ri ale v\u00e2ntului \u00een nord-vest \u0219i la munte, precum \u0219i precipita\u021bii sub form\u0103 de lapovi\u021b\u0103 \u0219i ninsoare, \u00eendeosebi pe crestele Mun\u021bilor Apuseni \u0219i ale Carpa\u021bilor Orientali.<\/p>\n\n\n\n<div class=\"wp-block-image\"><figure class=\"aligncenter\"><a href=\"https:\/\/i2.wp.com\/www.stiri-neamt.ro\/wp-content\/uploads\/2020\/10\/harta-cod.png?ssl=1\"><img decoding=\"async\" src=\"https:\/\/i2.wp.com\/www.stiri-neamt.ro\/wp-content\/uploads\/2020\/10\/harta-cod.png?w=800&#038;ssl=1\" alt=\"\" class=\"wp-image-137066\" data-recalc-dims=\"1\"\/><\/a><\/figure><\/div>\n\n\n\n<p><\/p>\n","protected":false},"excerpt":{"rendered":"<p>Administra\u0163ia Na\u0163ional\u0103 de Meteorologie (ANM) a emis, ast\u0103zi, o avertizare meteo Cod galben de&nbsp;intensific\u0103ri ale v\u00e2ntului, ploi \u00eensemnate cantitativ, instabilitate<\/p>\n","protected":false},"author":1,"featured_media":69665,"comment_status":"closed","ping_status":"closed","sticky":false,"template":"","format":"standard","meta":{"spay_email":"","footnotes":"","jetpack_publicize_message":""},"categories":[6],"tags":[],"class_list":["post-69661","post","type-post","status-publish","format-standard","has-post-thumbnail","hentry","category-social"],"jetpack_featured_media_url":"https:\/\/i1.wp.com\/realitatearutiera.ro\/wp-content\/uploads\/2020\/10\/harta-cod.png?fit=1016%2C599&ssl=1","jetpack_publicize_connections":[],"jetpack_sharing_enabled":true,"jetpack_shortlink":"https:\/\/wp.me\/p61naM-i7z","jetpack-related-posts":[],"_links":{"self":[{"href":"https:\/\/realitatearutiera.ro\/index.php?rest_route=\/wp\/v2\/posts\/69661","targetHints":{"allow":["GET"]}}],"collection":[{"href":"https:\/\/realitatearutiera.ro\/index.php?rest_route=\/wp\/v2\/posts"}],"about":[{"href":"https:\/\/realitatearutiera.ro\/index.php?rest_route=\/wp\/v2\/types\/post"}],"author":[{"embeddable":true,"href":"https:\/\/realitatearutiera.ro\/index.php?rest_route=\/wp\/v2\/users\/1"}],"replies":[{"embeddable":true,"href":"https:\/\/realitatearutiera.ro\/index.php?rest_route=%2Fwp%2Fv2%2Fcomments&post=69661"}],"version-history":[{"count":1,"href":"https:\/\/realitatearutiera.ro\/index.php?rest_route=\/wp\/v2\/posts\/69661\/revisions"}],"predecessor-version":[{"id":69666,"href":"https:\/\/realitatearutiera.ro\/index.php?rest_route=\/wp\/v2\/posts\/69661\/revisions\/69666"}],"wp:featuredmedia":[{"embeddable":true,"href":"https:\/\/realitatearutiera.ro\/index.php?rest_route=\/wp\/v2\/media\/69665"}],"wp:attachment":[{"href":"https:\/\/realitatearutiera.ro\/index.php?rest_route=%2Fwp%2Fv2%2Fmedia&parent=69661"}],"wp:term":[{"taxonomy":"category","embeddable":true,"href":"https:\/\/realitatearutiera.ro\/index.php?rest_route=%2Fwp%2Fv2%2Fcategories&post=69661"},{"taxonomy":"post_tag","embeddable":true,"href":"https:\/\/realitatearutiera.ro\/index.php?rest_route=%2Fwp%2Fv2%2Ftags&post=69661"}],"curies":[{"name":"wp","href":"https:\/\/api.w.org\/{rel}","templated":true}]}}