{"id":69864,"date":"2020-10-19T13:58:31","date_gmt":"2020-10-19T10:58:31","guid":{"rendered":"http:\/\/realitatearutiera.ro\/?p=69864"},"modified":"2020-10-19T13:58:34","modified_gmt":"2020-10-19T10:58:34","slug":"foto-accident-rutier-grav-pe-dn-66-un-camion-un-microbuz-si-un-autoturism-s-au-ciocnit","status":"publish","type":"post","link":"https:\/\/realitatearutiera.ro\/?p=69864","title":{"rendered":"FOTO Accident rutier grav pe DN 66: un camion, un microbuz \u015fi un autoturism s-au ciocnit"},"content":{"rendered":"\n<p>Un accident rutier, soldat cu trei r\u0103ni\u0163i, a avut loc luni diminea\u0163a, pe Drumul Na\u0163ional 66, \u00een localitatea hunedorean\u0103 B\u0103ni\u0163a. Potrivit poli\u015fi\u015ftilor, un b\u0103rbat de 42 de ani, din comuna Pui, \u00een timp ce conducea autoren, pe sensul de mers Ha\u0163eg &#8211; Petro\u015fani,\u00a0 nu a p\u0103strat o distan\u0163\u0103 corespunz\u0103toare fa\u0163\u0103 de microbuzul din fa\u0163a sa, condus\u0103 de un b\u0103rbat de 48 de ani, care se angajase \u00een efectuarea manevrei de viraj la st\u00e2nga, intr\u00e2nd \u00een coliziune fa\u0163\u0103-spate cu acesta. \u201e\u00cen urma impactului, microbuzul a fost proiectat\u0103 pe sensul opus, intr\u00e2nd \u00een coliziune cu autoturismul care circula din sens opus, condus de un t\u00e2n\u0103r de\u00a0 28 de ani, din jude\u0163ul Teleorman. \u00cen urma accidentului a rezultat r\u0103nirea conduc\u0103torului auto \u00een v\u00e2rst\u0103 de 28 de ani \u015fi a doi pasageri, un b\u0103rbat \u00een v\u00e2rst\u0103 de\u00a0 62 ani \u015fi o femeie de 48 de ani, ambii din jude\u0163ul Teleorman,\u00a0 afla\u0163i \u00een autoturismul condus de t\u00e2n\u0103r\u201d, a informat Bogdan Ni\u0163u, purt\u0103torul de cuv\u00e2nt al Inspectoratului de Poli\u0163ie Jude\u0163ean hunedoara. Echipajele de pompieri ale Deta\u015famentului Petro\u015fani, specializate \u00een descarcerare \u015fi prim ajutor, \u015fi ale Serviciului de Ambulan\u0163\u0103 Jude\u0163ean Hunedoara au intervenit pentru salvarea victimelor. \u201eLa locul producerii accidentului, echipele de interven\u0163ie au g\u0103sit \u00een autoturism un b\u0103rbat de 28 de ani \u00eencarcerat \u015fi alte dou\u0103 persoane, un b\u0103rbat de 62 de ani \u015fi o femeie de 48 de ani, politraumatiza\u0163i dar con\u015ftien\u0163i. Concomitent cu opera\u0163iunile de descarcerare cele dou\u0103 echipaje de prim ajutor \u015fi o echip\u0103 a Serviciului de Ambulan\u0163\u0103 Jude\u0163ean, din Petro\u015fani, au acordat \u00eengrijiri r\u0103ni\u0163ilor \u015fi i-au stabilizat. Cele trei victime au fost transportate la Unitatea de Primiri Urgen\u0163e din Petrosani pentru investiga\u0163ii \u015fi tratamente suplimentare\u201d, a informat Anemona Doda, purt\u0103toarea de cuv\u00e2nt a Inspectoratului pentru Situa\u0163ii de Urgen\u0163\u0103 Hunedoara. Circula\u0163ia rutier\u0103 pe DN 66, \u00eentre B\u0103ni\u0163a \u015fi Petro\u015fani, a fost blocat\u0103, pentru c\u00e2teva zeci de minute, p\u00e2n\u0103 la finalizarea cercet\u0103rilor cu privire la dinamica accidentului.<\/p>\n\n\n\n<p>sursa: adevarul.ro<\/p>\n","protected":false},"excerpt":{"rendered":"<p>Un accident rutier, soldat cu trei r\u0103ni\u0163i, a avut loc luni diminea\u0163a, pe Drumul Na\u0163ional 66, \u00een localitatea hunedorean\u0103 B\u0103ni\u0163a.<\/p>\n","protected":false},"author":1,"featured_media":66697,"comment_status":"closed","ping_status":"closed","sticky":false,"template":"","format":"standard","meta":{"spay_email":"","footnotes":"","jetpack_publicize_message":""},"categories":[1],"tags":[],"class_list":["post-69864","post","type-post","status-publish","format-standard","has-post-thumbnail","hentry","category-uncategorized"],"jetpack_featured_media_url":"https:\/\/i1.wp.com\/realitatearutiera.ro\/wp-content\/uploads\/2020\/07\/accident-10.jpg?fit=1060%2C600&ssl=1","jetpack_publicize_connections":[],"jetpack_sharing_enabled":true,"jetpack_shortlink":"https:\/\/wp.me\/p61naM-iaQ","jetpack-related-posts":[],"_links":{"self":[{"href":"https:\/\/realitatearutiera.ro\/index.php?rest_route=\/wp\/v2\/posts\/69864","targetHints":{"allow":["GET"]}}],"collection":[{"href":"https:\/\/realitatearutiera.ro\/index.php?rest_route=\/wp\/v2\/posts"}],"about":[{"href":"https:\/\/realitatearutiera.ro\/index.php?rest_route=\/wp\/v2\/types\/post"}],"author":[{"embeddable":true,"href":"https:\/\/realitatearutiera.ro\/index.php?rest_route=\/wp\/v2\/users\/1"}],"replies":[{"embeddable":true,"href":"https:\/\/realitatearutiera.ro\/index.php?rest_route=%2Fwp%2Fv2%2Fcomments&post=69864"}],"version-history":[{"count":1,"href":"https:\/\/realitatearutiera.ro\/index.php?rest_route=\/wp\/v2\/posts\/69864\/revisions"}],"predecessor-version":[{"id":69865,"href":"https:\/\/realitatearutiera.ro\/index.php?rest_route=\/wp\/v2\/posts\/69864\/revisions\/69865"}],"wp:featuredmedia":[{"embeddable":true,"href":"https:\/\/realitatearutiera.ro\/index.php?rest_route=\/wp\/v2\/media\/66697"}],"wp:attachment":[{"href":"https:\/\/realitatearutiera.ro\/index.php?rest_route=%2Fwp%2Fv2%2Fmedia&parent=69864"}],"wp:term":[{"taxonomy":"category","embeddable":true,"href":"https:\/\/realitatearutiera.ro\/index.php?rest_route=%2Fwp%2Fv2%2Fcategories&post=69864"},{"taxonomy":"post_tag","embeddable":true,"href":"https:\/\/realitatearutiera.ro\/index.php?rest_route=%2Fwp%2Fv2%2Ftags&post=69864"}],"curies":[{"name":"wp","href":"https:\/\/api.w.org\/{rel}","templated":true}]}}