{"id":69866,"date":"2020-10-19T14:15:17","date_gmt":"2020-10-19T11:15:17","guid":{"rendered":"http:\/\/realitatearutiera.ro\/?p=69866"},"modified":"2020-10-19T14:15:20","modified_gmt":"2020-10-19T11:15:20","slug":"piatra-neamt-a-accidentat-o-minora-pe-trecere-si-a-fugit","status":"publish","type":"post","link":"https:\/\/realitatearutiera.ro\/?p=69866","title":{"rendered":"Piatra-Neam\u021b: A accidentat o minor\u0103 pe trecere \u0219i a fugit"},"content":{"rendered":"\n<h4 class=\"wp-block-heading\"><strong>O fat\u0103 de 14 ani a ajuns la spital dup\u0103 ce a fost accidentat\u0103, ieri, \u00een jurul orei 16:30, de un \u0219ofer, pe o trecere pentru pietoni din Piatra-Neam\u021b.<\/strong><\/h4>\n\n\n\n<p>Din primele informa\u021bii, \u00een timp ce un t\u00e2n\u0103r de 21 de ani, din Podoleni, conducea un autoturism pe strada Bistri\u021bei, a surprins \u0219i accidentat o minor\u0103 de 14 ani, din T\u00e2rgu-Neam\u021b, care era angajat\u0103 \u00een traversarea str\u0103zii pe o trecere pentru pietoni.<\/p>\n\n\n\n<p>\u00cen urma evenimentului rutier, \u0219oferul a p\u0103r\u0103sit locul accidentului. Ulterior, acesta a revenit la fa\u021ba locului.<\/p>\n\n\n\n<p>Potrivit Serviciului de Ambulan\u021b\u0103, fata a suferit un traumatism de coloan\u0103 lombar\u0103 \u0219i a fost transportat\u0103 la Spitalul de Urgen\u021b\u0103 din Roman.<\/p>\n\n\n\n<p>Conduc\u0103torul auto a fost testat cu aparatul etilotest, rezultatul fiind negativ.<\/p>\n\n\n\n<p>Poli\u021bi\u0219tii continu\u0103 cercet\u0103rile sub aspectul comiterii infrac\u021biunilor de v\u0103t\u0103mare corporal\u0103 din culp\u0103 \u0219i p\u0103r\u0103sirea locului accidentului.<\/p>\n\n\n\n<p>sursa: stiri-neamt.o<\/p>\n","protected":false},"excerpt":{"rendered":"<p>O fat\u0103 de 14 ani a ajuns la spital dup\u0103 ce a fost accidentat\u0103, ieri, \u00een jurul orei 16:30, de<\/p>\n","protected":false},"author":1,"featured_media":57968,"comment_status":"closed","ping_status":"closed","sticky":false,"template":"","format":"standard","meta":{"spay_email":"","footnotes":"","jetpack_publicize_message":""},"categories":[1],"tags":[],"class_list":["post-69866","post","type-post","status-publish","format-standard","has-post-thumbnail","hentry","category-uncategorized"],"jetpack_featured_media_url":"https:\/\/i2.wp.com\/realitatearutiera.ro\/wp-content\/uploads\/2019\/12\/accident.jpg?fit=620%2C377&ssl=1","jetpack_publicize_connections":[],"jetpack_sharing_enabled":true,"jetpack_shortlink":"https:\/\/wp.me\/p61naM-iaS","jetpack-related-posts":[],"_links":{"self":[{"href":"https:\/\/realitatearutiera.ro\/index.php?rest_route=\/wp\/v2\/posts\/69866","targetHints":{"allow":["GET"]}}],"collection":[{"href":"https:\/\/realitatearutiera.ro\/index.php?rest_route=\/wp\/v2\/posts"}],"about":[{"href":"https:\/\/realitatearutiera.ro\/index.php?rest_route=\/wp\/v2\/types\/post"}],"author":[{"embeddable":true,"href":"https:\/\/realitatearutiera.ro\/index.php?rest_route=\/wp\/v2\/users\/1"}],"replies":[{"embeddable":true,"href":"https:\/\/realitatearutiera.ro\/index.php?rest_route=%2Fwp%2Fv2%2Fcomments&post=69866"}],"version-history":[{"count":1,"href":"https:\/\/realitatearutiera.ro\/index.php?rest_route=\/wp\/v2\/posts\/69866\/revisions"}],"predecessor-version":[{"id":69867,"href":"https:\/\/realitatearutiera.ro\/index.php?rest_route=\/wp\/v2\/posts\/69866\/revisions\/69867"}],"wp:featuredmedia":[{"embeddable":true,"href":"https:\/\/realitatearutiera.ro\/index.php?rest_route=\/wp\/v2\/media\/57968"}],"wp:attachment":[{"href":"https:\/\/realitatearutiera.ro\/index.php?rest_route=%2Fwp%2Fv2%2Fmedia&parent=69866"}],"wp:term":[{"taxonomy":"category","embeddable":true,"href":"https:\/\/realitatearutiera.ro\/index.php?rest_route=%2Fwp%2Fv2%2Fcategories&post=69866"},{"taxonomy":"post_tag","embeddable":true,"href":"https:\/\/realitatearutiera.ro\/index.php?rest_route=%2Fwp%2Fv2%2Ftags&post=69866"}],"curies":[{"name":"wp","href":"https:\/\/api.w.org\/{rel}","templated":true}]}}