{"id":69870,"date":"2020-10-19T14:22:15","date_gmt":"2020-10-19T11:22:15","guid":{"rendered":"http:\/\/realitatearutiera.ro\/?p=69870"},"modified":"2020-10-19T14:22:18","modified_gmt":"2020-10-19T11:22:18","slug":"accident-cu-patru-victime-la-tismana-un-autoturism-a-intrat-in-coliziune-cu-o-autoutilitara","status":"publish","type":"post","link":"https:\/\/realitatearutiera.ro\/?p=69870","title":{"rendered":"Accident cu patru victime la Tismana. Un autoturism a intrat \u00een coliziune cu o autoutilitar\u0103"},"content":{"rendered":"\n<p>Patru victime, printre care se afl\u0103 un copil, au ajuns la spital \u00een urma unui accident care a avut loc ast\u0103zi pe raza localit\u0103\u0163ii Tismana.<\/p>\n\n\n\n<p>Un autoturism care a intrat \u00een coliziune cu o autoutilitar\u0103. La fa\u0163a locului s-au deplasat un echipaj pentru descarcerare din cadrul G\u0103rzii de Interven\u0163ie Tismana, precum \u015fi trei echipaje din cadrul Serviciului Jude\u0163ean de Ambulan\u0163\u0103 Gorj care au constatat c\u0103 \u00een urma impactului au rezultat 4 victime, 3 adul\u0163i \u015fi un copil. \u201eDin fericire, acestea nu au fost \u00eencarcerate, erau con\u015ftiente, au fost preluate de echipajele de interven\u0163ie \u015fi au fost transportate la Unitatea de Primiri Urgen\u0163e din Tg-Jiu\u201c, au anun\u0163at reprezentan\u0163ii ISU Gorj. \u00a0<\/p>\n\n\n\n<p>sursa: adevarul.ro<\/p>\n","protected":false},"excerpt":{"rendered":"<p>Patru victime, printre care se afl\u0103 un copil, au ajuns la spital \u00een urma unui accident care a avut loc<\/p>\n","protected":false},"author":1,"featured_media":43186,"comment_status":"closed","ping_status":"closed","sticky":false,"template":"","format":"standard","meta":{"spay_email":"","footnotes":"","jetpack_publicize_message":""},"categories":[1],"tags":[],"class_list":["post-69870","post","type-post","status-publish","format-standard","has-post-thumbnail","hentry","category-uncategorized"],"jetpack_featured_media_url":"https:\/\/i0.wp.com\/realitatearutiera.ro\/wp-content\/uploads\/2018\/11\/accident-mwc-generic.jpg?fit=750%2C501&ssl=1","jetpack_publicize_connections":[],"jetpack_sharing_enabled":true,"jetpack_shortlink":"https:\/\/wp.me\/p61naM-iaW","jetpack-related-posts":[],"_links":{"self":[{"href":"https:\/\/realitatearutiera.ro\/index.php?rest_route=\/wp\/v2\/posts\/69870","targetHints":{"allow":["GET"]}}],"collection":[{"href":"https:\/\/realitatearutiera.ro\/index.php?rest_route=\/wp\/v2\/posts"}],"about":[{"href":"https:\/\/realitatearutiera.ro\/index.php?rest_route=\/wp\/v2\/types\/post"}],"author":[{"embeddable":true,"href":"https:\/\/realitatearutiera.ro\/index.php?rest_route=\/wp\/v2\/users\/1"}],"replies":[{"embeddable":true,"href":"https:\/\/realitatearutiera.ro\/index.php?rest_route=%2Fwp%2Fv2%2Fcomments&post=69870"}],"version-history":[{"count":1,"href":"https:\/\/realitatearutiera.ro\/index.php?rest_route=\/wp\/v2\/posts\/69870\/revisions"}],"predecessor-version":[{"id":69871,"href":"https:\/\/realitatearutiera.ro\/index.php?rest_route=\/wp\/v2\/posts\/69870\/revisions\/69871"}],"wp:featuredmedia":[{"embeddable":true,"href":"https:\/\/realitatearutiera.ro\/index.php?rest_route=\/wp\/v2\/media\/43186"}],"wp:attachment":[{"href":"https:\/\/realitatearutiera.ro\/index.php?rest_route=%2Fwp%2Fv2%2Fmedia&parent=69870"}],"wp:term":[{"taxonomy":"category","embeddable":true,"href":"https:\/\/realitatearutiera.ro\/index.php?rest_route=%2Fwp%2Fv2%2Fcategories&post=69870"},{"taxonomy":"post_tag","embeddable":true,"href":"https:\/\/realitatearutiera.ro\/index.php?rest_route=%2Fwp%2Fv2%2Ftags&post=69870"}],"curies":[{"name":"wp","href":"https:\/\/api.w.org\/{rel}","templated":true}]}}