{"id":69918,"date":"2020-10-20T12:02:30","date_gmt":"2020-10-20T09:02:30","guid":{"rendered":"http:\/\/realitatearutiera.ro\/?p=69918"},"modified":"2020-10-20T12:02:33","modified_gmt":"2020-10-20T09:02:33","slug":"soferi-biciclisti-si-pietoni-opriti-pentru-a-fi-intervievati-de-reprezentanti-ai-primariei-focsani-si-politiei-in-cadrul-unui-proiect","status":"publish","type":"post","link":"https:\/\/realitatearutiera.ro\/?p=69918","title":{"rendered":"\u0218oferi, bicicli\u0219ti \u0219i pietoni \u2013 opri\u021bi pentru a fi intervieva\u021bi, de reprezentan\u021bi ai Prim\u0103riei Foc\u0219ani \u0219i Poli\u021biei, \u00een cadrul unui proiect"},"content":{"rendered":"\n<p>Municipiul Foc\u0219ani implementeaz\u0103 proiectul \u201ePlanificarea \u0219i managementul mobilit\u0103\u021bii urbane durabile prin elaborarea PMUD\u201d, cod SIPOCA\/MySMIS 768\/136071, finan\u021bat prin POCA 2014-2020, \u00een cadrul c\u0103ruia va fi elaborat Planul de Mobilitate Urban\u0103 Durabil\u0103 (PMUD) pentru perioada 2021-2027.<\/p>\n\n\n\n<p>\u00cen acest sens, \u00een perioada 19 \u2013 22 octombrie 2020, va fi desf\u0103\u0219urat\u0103 prima etap\u0103 a elabor\u0103rii Planului de Mobilitate Urban\u0103 Durabil\u0103, care va consta \u00een activitatea de colectare a datelor de mobilitate urban\u0103, respectiv a anchetelor origine-destina\u021bie.<\/p>\n\n\n\n<p>Anchetele de trafic, prin care vor fi intervieva\u021bi participan\u021bii la trafic cu privire la originea \u0219i destina\u021bia c\u0103l\u0103toriei acestora \u00een vederea colect\u0103rii \u0219i centraliz\u0103rii datelor de mobilitate urban\u0103, vor fi efectuate dup\u0103 urm\u0103torul calendar:<\/p>\n\n\n\n<p>\u2022&nbsp;Luni, 19.10.2020 \u2013 orele 06.00-20.00 \u2013 la intrarea \u00een Municipiul Foc\u0219ani, dinspre cartierul M\u00e2ndre\u0219ti \u0219i la intrarea \u00een Municipiul Foc\u0219ani dinspre comuna Bilie\u0219ti<\/p>\n\n\n\n<p>\u2022&nbsp;Marti, 20.10.2020 \u2013 orele orele 06.00-20.00 \u2013 \u00een zona Prim\u0103riei Comunei Gole\u0219ti \u0219i la intrarea \u00een Municipiul Foc\u0219ani dinspre Comuna C\u00e2mpineanca, zona \u201dBig Market\u201d<\/p>\n\n\n\n<p>\u2022&nbsp;Miercuri, 21.10.2020 \u2013 orele orele 06.00-20.00 \u2013 la intrarea \u00een Municipiul Foc\u0219ani, dinspre M\u0103r\u0103\u0219e\u0219ti, zona \u201dSorste\u201d \u0219i la intrarea \u00een Municipiul Foc\u0219ani, dinspre Petre\u0219ti, zona \u201dPandora\u201d<\/p>\n\n\n\n<p>\u2022&nbsp;Joi, 22.10.2020 \u2013 orele orele 06.00-20.00 \u2013 la intrarea \u00een Municipiul Foc\u0219ani, dinspre Odobe\u0219ti, zona Pasaj CFR \u0219i pe Strada Vrancei, la ie\u0219irea din Municipiul Foc\u0219ani spre Comuna Bolote\u0219ti, zona Sta\u021bie betoane \u201dGrifon\u201d.<\/p>\n\n\n\n<p>Totodat\u0103, \u00een perioada 21.10.2020 \u2013 22.10.2020, vor fi efectuate colect\u0103ri de date de mobilitate prin recenz\u0103ri de trafic, \u00een mai multe puncte\/ intersec\u021bii principale din municipiu, cu ajutorul dispozitivelor electronice de \u00eenregistrare a traficului, care vor detecta automat \u00een timp real \u0219i simultan pietonii, cicli\u0219tii \u0219i vehiculele.<\/p>\n\n\n\n<p>Anchetele de trafic vor fi efectuate de c\u0103tre operatori special desemna\u021bi \u00een acest sens, care vor purta veste reflectorizante, sprijini\u021bi de c\u0103tre agen\u021bii de poli\u021bie desemna\u021bi de c\u0103tre Inspectoratul Jude\u021bean de Poli\u021bie Vrancea, prin Serviciul Rutier, care vor efectua semnalele regulamentare de oprire a conduc\u0103torilor de autovehicule \u00een vederea colect\u0103rii datelor de mobilitate.<\/p>\n\n\n\n<p>Rug\u0103m pe aceast\u0103 cale to\u021bi participan\u021bii la trafic selecta\u021bi pentru recenzie s\u0103 r\u0103spund\u0103 pozitiv solicit\u0103rilor operatorilor desemna\u021bi \u0219i agen\u021bilor de poli\u021bie \u00een vederea colect\u0103rii unor date care s\u0103 corespund\u0103 cu realitatea.<\/p>\n\n\n\n<p>sursa: monitorul de vrancea.ro<\/p>\n","protected":false},"excerpt":{"rendered":"<p>Municipiul Foc\u0219ani implementeaz\u0103 proiectul \u201ePlanificarea \u0219i managementul mobilit\u0103\u021bii urbane durabile prin elaborarea PMUD\u201d, cod SIPOCA\/MySMIS 768\/136071, finan\u021bat prin POCA 2014-2020,<\/p>\n","protected":false},"author":1,"featured_media":48480,"comment_status":"closed","ping_status":"closed","sticky":false,"template":"","format":"standard","meta":{"spay_email":"","footnotes":"","jetpack_publicize_message":""},"categories":[6],"tags":[],"class_list":["post-69918","post","type-post","status-publish","format-standard","has-post-thumbnail","hentry","category-social"],"jetpack_featured_media_url":"https:\/\/i2.wp.com\/realitatearutiera.ro\/wp-content\/uploads\/2019\/04\/politistii-din-romania-vor-fi-dotati-cu-camere-video-montate-direct-pe-uniforma-586003.jpg?fit=620%2C377&ssl=1","jetpack_publicize_connections":[],"jetpack_sharing_enabled":true,"jetpack_shortlink":"https:\/\/wp.me\/p61naM-ibI","jetpack-related-posts":[],"_links":{"self":[{"href":"https:\/\/realitatearutiera.ro\/index.php?rest_route=\/wp\/v2\/posts\/69918","targetHints":{"allow":["GET"]}}],"collection":[{"href":"https:\/\/realitatearutiera.ro\/index.php?rest_route=\/wp\/v2\/posts"}],"about":[{"href":"https:\/\/realitatearutiera.ro\/index.php?rest_route=\/wp\/v2\/types\/post"}],"author":[{"embeddable":true,"href":"https:\/\/realitatearutiera.ro\/index.php?rest_route=\/wp\/v2\/users\/1"}],"replies":[{"embeddable":true,"href":"https:\/\/realitatearutiera.ro\/index.php?rest_route=%2Fwp%2Fv2%2Fcomments&post=69918"}],"version-history":[{"count":1,"href":"https:\/\/realitatearutiera.ro\/index.php?rest_route=\/wp\/v2\/posts\/69918\/revisions"}],"predecessor-version":[{"id":69919,"href":"https:\/\/realitatearutiera.ro\/index.php?rest_route=\/wp\/v2\/posts\/69918\/revisions\/69919"}],"wp:featuredmedia":[{"embeddable":true,"href":"https:\/\/realitatearutiera.ro\/index.php?rest_route=\/wp\/v2\/media\/48480"}],"wp:attachment":[{"href":"https:\/\/realitatearutiera.ro\/index.php?rest_route=%2Fwp%2Fv2%2Fmedia&parent=69918"}],"wp:term":[{"taxonomy":"category","embeddable":true,"href":"https:\/\/realitatearutiera.ro\/index.php?rest_route=%2Fwp%2Fv2%2Fcategories&post=69918"},{"taxonomy":"post_tag","embeddable":true,"href":"https:\/\/realitatearutiera.ro\/index.php?rest_route=%2Fwp%2Fv2%2Ftags&post=69918"}],"curies":[{"name":"wp","href":"https:\/\/api.w.org\/{rel}","templated":true}]}}