{"id":701,"date":"2015-03-26T06:23:51","date_gmt":"2015-03-26T06:23:51","guid":{"rendered":"http:\/\/realitatearutiera.ro\/?p=701"},"modified":"2015-03-26T06:23:51","modified_gmt":"2015-03-26T06:23:51","slug":"socant-ambulanta-implicata-intr-un-grav-accident-in-botosani","status":"publish","type":"post","link":"https:\/\/realitatearutiera.ro\/?p=701","title":{"rendered":"SOCANT ! Ambulanta implicata intr-un GRAV ACCIDENT in Botosani !"},"content":{"rendered":"<p>Accidentul a avut loc saptamana trecuta, \u00een noaptea de joi spre vineri, \u00a0\u00eentr-o intersec\u0163ie din Boto\u015fani. Un tir care circula cu vitez\u0103 foarte mare a lovit \u00een plin autospeciala a Serviciului de Ambulan\u0163\u0103 Jude\u0163ean (SAJ) Boto\u0219ani\u00a0\u00een care, pe l\u00e2ng\u0103 echipaj, se aflau un copil de 7 ani \u015fi mama sa.<\/p>\n<p>Potrivit poli\u0163i\u015ftilor de la Serviciul Rutier,\u00a0 \u00een urma impactului, ambulan\u0163a a fost proiectat\u0103 \u00eentr-un st\u00e2lp de electricitate, iar \u0219oferul autospecialei a murit. \u00a0Asistenta r\u0103nit\u0103 grav, copilul \u015fi mama acestuia au fost prelua\u021bi de un alt echipaj \u015fi transporta\u021bi la spital.<\/p>\n","protected":false},"excerpt":{"rendered":"<p>Accidentul a avut loc saptamana trecuta, \u00een noaptea de joi spre vineri, \u00a0\u00eentr-o intersec\u0163ie din Boto\u015fani. Un tir care circula<\/p>\n","protected":false},"author":1,"featured_media":682,"comment_status":"open","ping_status":"open","sticky":false,"template":"","format":"standard","meta":{"spay_email":"","footnotes":"","jetpack_publicize_message":""},"categories":[1,11],"tags":[],"class_list":["post-701","post","type-post","status-publish","format-standard","has-post-thumbnail","hentry","category-uncategorized","category-stiri-interne"],"jetpack_featured_media_url":"https:\/\/i1.wp.com\/realitatearutiera.ro\/wp-content\/uploads\/2015\/03\/SATUMARE.jpg?fit=1000%2C667&ssl=1","jetpack_publicize_connections":[],"jetpack_sharing_enabled":true,"jetpack_shortlink":"https:\/\/wp.me\/p61naM-bj","jetpack-related-posts":[],"_links":{"self":[{"href":"https:\/\/realitatearutiera.ro\/index.php?rest_route=\/wp\/v2\/posts\/701","targetHints":{"allow":["GET"]}}],"collection":[{"href":"https:\/\/realitatearutiera.ro\/index.php?rest_route=\/wp\/v2\/posts"}],"about":[{"href":"https:\/\/realitatearutiera.ro\/index.php?rest_route=\/wp\/v2\/types\/post"}],"author":[{"embeddable":true,"href":"https:\/\/realitatearutiera.ro\/index.php?rest_route=\/wp\/v2\/users\/1"}],"replies":[{"embeddable":true,"href":"https:\/\/realitatearutiera.ro\/index.php?rest_route=%2Fwp%2Fv2%2Fcomments&post=701"}],"version-history":[{"count":1,"href":"https:\/\/realitatearutiera.ro\/index.php?rest_route=\/wp\/v2\/posts\/701\/revisions"}],"predecessor-version":[{"id":702,"href":"https:\/\/realitatearutiera.ro\/index.php?rest_route=\/wp\/v2\/posts\/701\/revisions\/702"}],"wp:featuredmedia":[{"embeddable":true,"href":"https:\/\/realitatearutiera.ro\/index.php?rest_route=\/wp\/v2\/media\/682"}],"wp:attachment":[{"href":"https:\/\/realitatearutiera.ro\/index.php?rest_route=%2Fwp%2Fv2%2Fmedia&parent=701"}],"wp:term":[{"taxonomy":"category","embeddable":true,"href":"https:\/\/realitatearutiera.ro\/index.php?rest_route=%2Fwp%2Fv2%2Fcategories&post=701"},{"taxonomy":"post_tag","embeddable":true,"href":"https:\/\/realitatearutiera.ro\/index.php?rest_route=%2Fwp%2Fv2%2Ftags&post=701"}],"curies":[{"name":"wp","href":"https:\/\/api.w.org\/{rel}","templated":true}]}}