{"id":70130,"date":"2020-10-27T08:23:39","date_gmt":"2020-10-27T06:23:39","guid":{"rendered":"http:\/\/realitatearutiera.ro\/?p=70130"},"modified":"2020-10-27T08:23:42","modified_gmt":"2020-10-27T06:23:42","slug":"vremea-azi-27-octombrie-vine-o-toamna-frumoasa","status":"publish","type":"post","link":"https:\/\/realitatearutiera.ro\/?p=70130","title":{"rendered":"Vremea azi, 27 octombrie. Vine o toamn\u0103 frumoas\u0103!"},"content":{"rendered":"\n<p>Ast\u0103zi, soarele se arat\u0103 aproape peste tot \u0219i se mai \u00eenc\u0103lze\u0219te pu\u021bin. Doar \u00een \u021binuturile estice mai vin c\u00e2\u021biva stropi de ploaie, iar acum, diminea\u021ba este cea\u021b\u0103 \u00een multe zone.<\/p>\n\n\n\n<p>Maximele pleac\u0103 de la 15 grade \u00een depresiuni \u0219i ajung pe la 22 de grade \u00een vestul \u021b\u0103rii.<\/p>\n\n\n\n<p>Vedem cum arat\u0103 vremea \u00een fiecare regiune \u0219i \u00eencepem cu&nbsp;<strong>Dobrogea<\/strong>&nbsp;\u0219i cu&nbsp;<strong>B\u0103r\u0103ganul<\/strong>. Pe aici g\u0103sim atmosfer\u0103 schimb\u0103toare, cea\u021b\u0103 \u00een primele ore ale zilei; \u00eennor\u0103ri \u0219i condi\u021bii de ploaie mai t\u00e2rziu.<\/p>\n\n\n\n<p>Temperaturile, mai ridicate dec\u00e2t ar fi normal la aceast\u0103 dat\u0103, ajung pe la 19&#8230;20 de grade.<\/p>\n\n\n\n<p>\u0218i mai sus, \u00een&nbsp;<strong>Moldova sudic\u0103<\/strong>&nbsp;\u0219i \u00een&nbsp;<strong>nordul Munteniei<\/strong>, este cea\u021b\u0103 dens\u0103 acum, diminea\u021ba. Peste zi apar c\u00e2\u021biva nori de ploaie, dar z\u0103rim un pic \u0219i soarele \u0219i se face mai cald dec\u00e2t ieri. Pe la amiaz\u0103 se ating 19&#8230;20 de grade.<\/p>\n\n\n\n<p>Se mai \u00eenc\u0103lze\u0219te pu\u021bin \u0219i \u00een&nbsp;<strong>jum\u0103tatea nordic\u0103 a Moldovei<\/strong>&nbsp;\u0219i \u00een&nbsp;<strong>Bucovina<\/strong>. Temperaturile urc\u0103 p\u00e2n\u0103 la 17&#8230;18 grade. Mai apar ceva \u00eennor\u0103ri \u0219i e posibil s\u0103 picure trec\u0103tor, iar cea\u021ba este prezent\u0103 diminea\u021ba \u00een zonele joase.<\/p>\n\n\n\n<p>\u00cen&nbsp;<strong>nordul Transilvaniei<\/strong>&nbsp;\u0219i \u00een&nbsp;<strong>Maramure\u0219<\/strong>&nbsp;ne-a\u0219teapt\u0103 o amiaz\u0103 \u00eensorit\u0103, cu v\u00e2nt domol \u0219i temperaturi \u00een cre\u0219tere, ce ajung pe la 20 de grade. Acum, \u00eens\u0103 avem cea\u021b\u0103 dens\u0103 \u00een jude\u021bele Satu Mare \u0219i Cluj.<\/p>\n\n\n\n<p>\u00cen&nbsp;<strong>\u021binuturile vestice<\/strong>&nbsp;g\u0103sim vreme frumoas\u0103, cer senin \u0219i un v\u00e2nt mai insistent \u00een sudul Banatului. Se face mai cald dec\u00e2t ieri \u0219i pe la amiaz\u0103 se ating 21&#8230;22 de grade.<\/p>\n\n\n\n<p>Se mai \u00eenc\u0103lze\u0219te pu\u021bin \u0219i \u00een zona&nbsp;<strong>Transilvaniei<\/strong>, pe unde diminea\u021b\u0103 avem mult\u0103 cea\u021b\u0103 \u0219i atmosfer\u0103 destul de nepl\u0103cut\u0103. Apoi se arat\u0103 soarele \u0219i temperaturile urc\u0103 p\u00e2n\u0103 la 19 grade. Doar v\u00e2ntul are unele intensific\u0103ri pe crestele montane.<\/p>\n\n\n\n<p>\u0218i \u00een&nbsp;<strong>Oltenia<\/strong>&nbsp;cea\u021ba poate crea probleme la \u00eenceputul zilei. Mai t\u00e2rziu, se \u00eensenineaz\u0103 \u0219i se \u00eenc\u0103lze\u0219te. Vom avea o amiaz\u0103 agreabil\u0103, cu maxime \u00een jur de 21 de grade.<\/p>\n\n\n\n<p>\u0218i \u00een&nbsp;<strong>\u021binuturile sudice<\/strong>&nbsp;prindem vreme bun\u0103, dar dup\u0103 ce se risipe\u0219te cea\u021ba matinal\u0103. Temperaturile cresc \u0219i aici \u0219i vor ajunge pe la 20&#8230;21 de grade.<\/p>\n\n\n\n<h2 class=\"wp-block-heading\"><strong>Vremea \u00een \u021bar\u0103<\/strong><\/h2>\n\n\n\n<p><strong>Miercuri<\/strong>&nbsp;avem tot vreme cald\u0103 pentru sf\u00e2r\u0219itul lunii octombrie. \u00cen sudul \u0219i estul \u021b\u0103rii apar ceva \u00eennor\u0103ri \u0219i e posibil s\u0103 burni\u021beze. \u00cen rest, r\u0103m\u00e2nem cu atmosfera \u00eensorit\u0103, dar \u00een zonele joase va fi cea\u021b\u0103 la \u00eenceputul zilei.<\/p>\n\n\n\n<p><strong>Joi<\/strong>, temperaturile scad u\u0219or \u00een zona intracarpatic\u0103, dar tot va fi mai cald dec\u00e2t \u00een mod normal. Vom avea atmosfer\u0103 schimb\u0103toare \u0219i c\u00e2teva ploi slabe: ziua \u00een sud-est, iar seara prin vestul \u0219i nordul \u021b\u0103rii.<\/p>\n\n\n\n<p>Iar&nbsp;<strong>vineri<\/strong>, \u00een vest, nord \u0219i centru se schimb\u0103 vremea. O s\u0103 plou\u0103 \u0219i se r\u0103ce\u0219te, iar pe la munte apare lapovi\u021ba.<\/p>\n\n\n\n<p>\u00cen est \u0219i \u00een sud-est g\u0103sim vreme mai bun\u0103, temperaturi peste limitele normale \u0219i un pic de cea\u021b\u0103 \u00een orele dimine\u021bii.<\/p>\n\n\n\n<h2 class=\"wp-block-heading\"><strong>Vremea la Bucure\u0219ti<\/strong><\/h2>\n\n\n\n<p>\u0218i \u00een Bucure\u0219ti avem o diminea\u021b\u0103 cam mohor\u00e2t\u0103, cu cea\u021b\u0103, \u00eendeosebi la marginea ora\u0219ului.<\/p>\n\n\n\n<p>Apoi, se arat\u0103 soarele \u0219i amiaza ne-aduce atmosfer\u0103 pl\u0103cut\u0103 \u0219i mai cald\u0103 dec\u00e2t ieri, cu o maxim\u0103 de 20 de grade.<\/p>\n\n\n\n<p>\u0218i&nbsp;<strong>miercuri&nbsp;<\/strong>diminea\u021ba va fi cam \u00eennorat \u0219i e posibil s\u0103 burni\u021beze. Mai t\u00e2rziu prindem vreme bun\u0103, soare, c\u00e2\u021biva nori \u0219i temperaturi peste valorile normale.<\/p>\n\n\n\n<p>Vremea se men\u021bine cald\u0103 \u0219i&nbsp;<strong>joi<\/strong>. Temperatura urc\u0103 din nou spre 20 de grade, dar o s\u0103 avem atmosfer\u0103 schimb\u0103toare \u0219i s-ar putea s\u0103 picure din c\u00e2nd \u00een c\u00e2nd.<\/p>\n\n\n\n<p>\u0218i&nbsp;<strong>vineri<\/strong>&nbsp;va fi mai cald dec\u00e2t \u00een mod normal. Maxima ajunge pe la 18&#8230;19 grade; norii apar frecvent, iar \u0219ansele de ploaie cresc dup\u0103 l\u0103sarea nop\u021bii.<\/p>\n\n\n\n<h2 class=\"wp-block-heading\"><strong>Vremea la munte<\/strong><\/h2>\n\n\n\n<p>La munte, se \u00eendreapt\u0103 vremea. Ast\u0103zi avem o zi frumoas\u0103, cu temperaturi ridicate pentru acest moment al anului. Norii apar sporadic \u0219i doar v\u00e2ntul are unele intensific\u0103ri \u00een Mun\u021bii Banatului \u0219i \u00een zona montan\u0103 \u00eenalt\u0103.<\/p>\n\n\n\n<p><strong>Miercuri<\/strong>&nbsp;continu\u0103 vremea frumoas\u0103 \u0219i temperaturile se men\u021bin la valori ridicate pentru aceast\u0103 perioad\u0103.<\/p>\n\n\n\n<p>\u0218i&nbsp;<strong>joi<\/strong>&nbsp;avem atmosfer\u0103 pl\u0103cut\u0103 \u0219i va fi mai cald dec\u00e2t \u00een mod normal. Pe sear\u0103 \u00eencep s\u0103 se-adune norii \u0219i apar ploi locale, iar v\u00e2ntul prinde putere, la altitudini mari.<\/p>\n\n\n\n<p><strong>Vineri<\/strong>&nbsp;se r\u0103ce\u0219te \u0219i o s\u0103 plou\u0103 \u00een cea mai mare parte a zonei montane. \u00cen plus, va avea intensific\u0103ri, iar pe creste \u00ee\u0219i vor face apari\u021bia ninsorile \u0219i lapovi\u021ba.<\/p>\n","protected":false},"excerpt":{"rendered":"<p>Ast\u0103zi, soarele se arat\u0103 aproape peste tot \u0219i se mai \u00eenc\u0103lze\u0219te pu\u021bin. Doar \u00een \u021binuturile estice mai vin c\u00e2\u021biva stropi<\/p>\n","protected":false},"author":1,"featured_media":48666,"comment_status":"closed","ping_status":"closed","sticky":false,"template":"","format":"standard","meta":{"spay_email":"","footnotes":"","jetpack_publicize_message":""},"categories":[6],"tags":[],"class_list":["post-70130","post","type-post","status-publish","format-standard","has-post-thumbnail","hentry","category-social"],"jetpack_featured_media_url":"https:\/\/i0.wp.com\/realitatearutiera.ro\/wp-content\/uploads\/2019\/04\/Meteosensibilitatea_si_efectele_asupra_sanatatii.jpg?fit=320%2C221&ssl=1","jetpack_publicize_connections":[],"jetpack_sharing_enabled":true,"jetpack_shortlink":"https:\/\/wp.me\/p61naM-if8","jetpack-related-posts":[],"_links":{"self":[{"href":"https:\/\/realitatearutiera.ro\/index.php?rest_route=\/wp\/v2\/posts\/70130","targetHints":{"allow":["GET"]}}],"collection":[{"href":"https:\/\/realitatearutiera.ro\/index.php?rest_route=\/wp\/v2\/posts"}],"about":[{"href":"https:\/\/realitatearutiera.ro\/index.php?rest_route=\/wp\/v2\/types\/post"}],"author":[{"embeddable":true,"href":"https:\/\/realitatearutiera.ro\/index.php?rest_route=\/wp\/v2\/users\/1"}],"replies":[{"embeddable":true,"href":"https:\/\/realitatearutiera.ro\/index.php?rest_route=%2Fwp%2Fv2%2Fcomments&post=70130"}],"version-history":[{"count":1,"href":"https:\/\/realitatearutiera.ro\/index.php?rest_route=\/wp\/v2\/posts\/70130\/revisions"}],"predecessor-version":[{"id":70131,"href":"https:\/\/realitatearutiera.ro\/index.php?rest_route=\/wp\/v2\/posts\/70130\/revisions\/70131"}],"wp:featuredmedia":[{"embeddable":true,"href":"https:\/\/realitatearutiera.ro\/index.php?rest_route=\/wp\/v2\/media\/48666"}],"wp:attachment":[{"href":"https:\/\/realitatearutiera.ro\/index.php?rest_route=%2Fwp%2Fv2%2Fmedia&parent=70130"}],"wp:term":[{"taxonomy":"category","embeddable":true,"href":"https:\/\/realitatearutiera.ro\/index.php?rest_route=%2Fwp%2Fv2%2Fcategories&post=70130"},{"taxonomy":"post_tag","embeddable":true,"href":"https:\/\/realitatearutiera.ro\/index.php?rest_route=%2Fwp%2Fv2%2Ftags&post=70130"}],"curies":[{"name":"wp","href":"https:\/\/api.w.org\/{rel}","templated":true}]}}