{"id":70165,"date":"2020-10-27T10:25:43","date_gmt":"2020-10-27T08:25:43","guid":{"rendered":"http:\/\/realitatearutiera.ro\/?p=70165"},"modified":"2020-10-27T10:25:46","modified_gmt":"2020-10-27T08:25:46","slug":"ce-trebuie-sa-faci-daca-esti-depistat-pozitiv-cu-covid-19-sau-daca-ai-suspiciuni","status":"publish","type":"post","link":"https:\/\/realitatearutiera.ro\/?p=70165","title":{"rendered":"Ce trebuie s\u0103 faci dac\u0103 e\u0219ti depistat pozitiv cu Covid-19 sau dac\u0103 ai suspiciuni"},"content":{"rendered":"\n<p>Societatea Na\u021bional\u0103 de Medicina Familiei a elaborat un ghid informativ pentru rom\u00e2nii care vor s\u0103 \u0219tie ce trebuie s\u0103 fac\u0103 dup\u0103 ce sunt confirma\u021bi pozitiv cu Covid-19.<\/p>\n\n\n\n<p><strong>1. Ce trebuie s\u0103 fac dac\u0103 am semnele unei boli respiratorii sau alte semne despre care am auzit c\u0103 pot fi caracteristice pentru COVID-19?<\/strong><\/p>\n\n\n\n<p><em>\u201dS\u0103 r\u0103m\u00e2i acas\u0103 \u0219i s\u0103 contactezi MF (<\/em>medicul de familie, n. red.)<em>&nbsp;sau 112. Cu medicul de familie vei discuta despre ce te sup\u0103r\u0103 \u0219i \u00eempreun\u0103 ve\u021bi decide dac\u0103 v\u0103 ve\u021bi \u00eent\u00e2lni, dac\u0103 vei r\u0103m\u00e2ne acas\u0103 pentru tratament, sau dac\u0103 este nevoie de testare pentru COVID-19.<\/em><\/p>\n\n\n\n<p><em>Vei fi testat dac\u0103 este necesar de o echip\u0103 specializat\u0103, care se va deplasa la domiciliul t\u0103u (decizia apar\u021bine Direc\u021biei de S\u0103n\u0103tate Public\u0103 \u0219i serviciului medical de urgen\u021be 112).<\/em>\u201d &#8211; spun&nbsp;<a href=\"https:\/\/snmf.ro\/2020\/10\/13\/scrisoare-deschisa-de-la-medicul-de-familie-catre-pacientul-sau\/\" target=\"_blank\" rel=\"noreferrer noopener\">medicii de familie<\/a>&nbsp;din Rom\u00e2nia.<\/p>\n\n\n\n<p><strong>2. Pe cine trebuie s\u0103 anun\u021b dac\u0103 sunt depistat pozitiv?<\/strong><\/p>\n\n\n\n<p>\u201d<em>Rezultatul pozitiv este transmis imediat de c\u0103tre laborator c\u0103tre Direc\u021bia de S\u0103n\u0103tate Public\u0103 (DSP) teritorial\u0103 \u0219i astfel e\u0219ti luat \u00een eviden\u021ba DSP.&nbsp;<\/em><em>Vei fi contactat de DSP pentru a fi transportat la o unitate abilitat\u0103 pentru evaluarea obligatorie \u0219i pentru efectuarea anchetei epidemiologice. DSP va elibera \u00een termen de maxim 30 de zile de la ultima zi a perioadei de izolare \u201eDecizia de izolare\u201d \u00een baza c\u0103reia vei putea solicita concediu medical.\u201d<\/em><\/p>\n\n\n\n<p><strong>3. Ce trebuie sa fac dac\u0103 am fost confirmat pozitiv \u0219i am ales s\u0103 r\u0103m\u00e2n la domiciliu?<\/strong><\/p>\n\n\n\n<p>\u201d<em>Ini\u021bial, este necesar\u0103 o evaluare \u00eentr-o unitate medical\u0103 abilitat\u0103 (evaluare obligatorie prin lege). Te vei deplasa cu ambulan\u021ba c\u0103tre unitatea medical\u0103 abilitat\u0103. NU folosi \u00een acest scop mijloace de transport proprii sau \u00een comun! Te izolezi de restul familiei, reduci c\u00e2t mai mult interac\u021biunea cu persoanele din jurul t\u0103u, por\u021bi masc\u0103 atunci c\u00e2nd ie\u0219i din zona de izolare.<\/em><\/p>\n\n\n\n<p><em>Dac\u0103 este posibil, vei folosi singur o camer\u0103 \u0219i o baie. Atunci c\u00e2nd condi\u021biile nu \u00ee\u021bi permit, \u00eencearc\u0103 m\u0103car s\u0103 dormi separat, s\u0103 utilizezi continuu masca \u0219i s\u0103 dezinfectezi toate obiectele de folosin\u021b\u0103 comun\u0103 dup\u0103 ce le atingi.&nbsp;Vei anun\u021ba medicul de familie pentru a fi luat \u00een eviden\u021b\u0103. Vei discuta zilnic despre starea ta de s\u0103n\u0103tate cu medicul t\u0103u de familie prin consulta\u021bii la distan\u021b\u0103 (telefon, internet).\u201d<\/em><\/p>\n\n\n\n<p><strong>4. Ce fac dac\u0103 pe parcursul izol\u0103rii starea mea de s\u0103n\u0103tate se agraveaz\u0103 brusc?<\/strong><\/p>\n\n\n\n<p><em>\u201dVei apela urgent serviciul 112.\u201d<\/em><\/p>\n\n\n\n<p><strong>5. Ce trebuie s\u0103 \u0219tie persoanele s\u0103n\u0103toase, familia, carantinate \u00een aceea\u0219i locuin\u021b\u0103, sau cei declara\u021bi contac\u021bi direc\u021bi?<\/strong><\/p>\n\n\n\n<p><em>\u201dCei care aleg s\u0103 r\u0103m\u00e2n\u0103 \u00eempreun\u0103 cu tine vor primi o decizie de carantinare pentru \u00eentreaga perioada c\u00e2t tu e\u0219ti persoana izolat\u0103 pentru COVID-19, dac\u0103 ai declarat \u00een ancheta epidemiologic\u0103 f\u0103cut\u0103 de DSP aceste persoane. Vor respecta strict distan\u021barea fa\u021b\u0103 de tine pentru a reduce riscul de \u00eemboln\u0103vire deoarece, mai ales \u00een primele zile de boal\u0103, e\u0219ti mai contagios. \u00ce\u0219i vor urm\u0103ri atent starea de s\u0103n\u0103tate pentru a depista repede eventualele semne de boal\u0103.<\/em><\/p>\n\n\n\n<p><em>Vor contacta serviciul 112 sau medicul de familie dac\u0103 apar semnele unei boli respiratorii sau alte semne care pot fi caracteristice pentru COVID-19. Contactul direct este persoana apropiat\u0103 de bolnavul COVID 19 (a\u021bi locuit \u00eempreun\u0103 sau a\u021bi muncit \u00eempreun\u0103. Cei care, la r\u00e2ndul lor au venit \u00een contact doar cu o persoan\u0103 declarat\u0103 ca fiind \u201econtact direct\u201d, nu cu un bolnav, nu vor fi carantina\u021bi chiar dac\u0103 locuiesc la aceea\u0219i adres\u0103 sau sunt colegi de munc\u0103 sau \u0219coal\u0103 cu ace\u0219tia.\u201d<\/em><\/p>\n\n\n\n<p><strong>6. C\u00e2nd trebuie s\u0103 m\u0103 retestez dup\u0103 ce am fost diagnosticat?<\/strong><\/p>\n\n\n\n<p><em>\u201dConform reglement\u0103rilor \u00een vigoare NU este necesar\u0103 retestarea. Indiferent de rezultatele unui alt test , persoana bolnav\u0103 nu mai este considerat\u0103 contagioas\u0103 la \u00eencheierea celor 14 zile de izolare, dac\u0103 nu prezint\u0103 simptome.\u201d<\/em><\/p>\n\n\n\n<p><strong>7. C\u00e2nd \u0219i cum m\u0103 pot re\u00eentoarce la munc\u0103\/\u0219coal\u0103?<\/strong><\/p>\n\n\n\n<p>\u201d<em>Te po\u021bi re\u00eentoarce la activitatea anterioar\u0103 dup\u0103 14 zile, dac\u0103 nu mai prezin\u021bi simptome, f\u0103r\u0103 a fi necesar un test pentru aceasta. Vei respecta \u00een continuare toate regulile de protec\u021bie (obligatoriu cu masc\u0103 \u00een primele zece zile).\u201d<\/em><\/p>\n\n\n\n<p><strong>8. Cum ob\u021bin documentele necesare (<a href=\"https:\/\/stirileprotv.ro\/stiri\/sanatate\/concediu-medical-2020-pentru-covid-19-izolare-sau-asimptomatici-rolul-medicilor-de-familie.html\" target=\"_blank\" rel=\"noreferrer noopener\">concediu mecial<\/a>) pentru perioada de carantin\u0103 sau izolare?<\/strong><\/p>\n\n\n\n<p><em>\u201dEste esen\u021bial\u0103 decizia de izolare\/carantinare (dup\u0103 caz) emis\u0103 de DSP.&nbsp;Dac\u0103 ai ie\u0219it din perioada de izolare de 14 zile (ai fost bolnav COVID-19), vei transmite medicului t\u0103u de familie decizia de izolare emis\u0103 de DSP \u0219i vei primi certificatul de&nbsp;<strong><a href=\"https:\/\/stirileprotv.ro\/stiri\/sanatate\/concediu-medical-2020-pentru-covid-19-izolare-sau-asimptomatici-rolul-medicilor-de-familie.html\" target=\"_blank\" rel=\"noreferrer noopener\">concediu medical<\/a><\/strong>. Dac\u0103 e\u0219ti elev sau student, vei primi un document util pentru motivarea absen\u021belor \u0219i un aviz epidemiologic pentru reintrare \u00een colectivitate.<\/em><\/p>\n\n\n\n<p><em>Dac\u0103 ai stat \u00een carantin\u0103, fiind contact apropiat cu o persoan\u0103 bolnav\u0103 COVID-19, vei prezenta medicului de familie decizia de carantinare emis\u0103 de DSP \u00een baza c\u0103reia \u00ee\u021bi va fi eliberat&nbsp;<strong><a href=\"https:\/\/stirileprotv.ro\/stiri\/sanatate\/concediu-medical-2020-pentru-covid-19-izolare-sau-asimptomatici-rolul-medicilor-de-familie.html\" target=\"_blank\" rel=\"noreferrer noopener\">concediul medical<\/a><\/strong>&nbsp;pentru perioada consemnat\u0103 \u00een decizie.<br>IMPORTANT! Concediile medicale se elibereaz\u0103 retroactiv, \u00een termen de 30 de zile de la ie\u0219irea din izolare sau carantin\u0103\u201d &#8211;&nbsp;<\/em>mai spun cei de la&nbsp;Societatea Na\u021bional\u0103 de Medicina Familiei.<\/p>\n\n\n\n<h2 class=\"wp-block-heading\">Cum se acord\u0103&nbsp;<a href=\"https:\/\/stirileprotv.ro\/stiri\/sanatate\/concediu-medical-2020-pentru-covid-19-izolare-sau-asimptomatici-rolul-medicilor-de-familie.html\" target=\"_blank\" rel=\"noreferrer noopener\">concediu medical<\/a>&nbsp;\u00een 2020, pentru cei depista\u021bi cu Covid-19 sau care au stat \u00een izolare<\/h2>\n\n\n\n<p>Persoanele care prezint\u0103 simptome specifice de coronavirus trebuie s\u0103 r\u0103m\u00e2n\u0103 la domiciliu p\u00e2n\u0103 la primirea rezultatului testului care confirm\u0103 sau infirm\u0103 diagnosticul de COVID-19.<\/p>\n\n\n\n<p>De asemenea, \u00een cazul \u00een care diagnosticul este infirmat pacientul va primi de la medicul de familie&nbsp;<strong><a href=\"https:\/\/stirileprotv.ro\/stiri\/sanatate\/concediu-medical-2020-pentru-covid-19-izolare-sau-asimptomatici-rolul-medicilor-de-familie.html\" target=\"_blank\" rel=\"noreferrer noopener\">concediu medical<\/a><\/strong>&nbsp;p\u00e2n\u0103 la remedierea problemelor de s\u0103n\u0103tate, a declarat purt\u0103torul de cuv\u00e2nt al Casei Na\u0163ionale de Asigur\u0103ri de S\u0103n\u0103tate, Mihaela T\u0103nase, potrivit Agerpres.<\/p>\n\n\n\n<p>Potrivit acesteia, \u00een cazul \u00een care testarea confirm\u0103 c\u0103 persoana are COVID-19, dar nu prezint\u0103 simptome sau manifest\u0103 o form\u0103 u\u015foar\u0103 a bolii, poate r\u0103m\u00e2ne izolat\u0103 la domiciliu, \u00een monitorizarea medicului de familie, f\u0103r\u0103 a mai fi necesar\u0103 evaluarea unui medic specialist \u015fi va primi&nbsp;<strong><a href=\"https:\/\/stirileprotv.ro\/stiri\/sanatate\/concediu-medical-2020-pentru-covid-19-izolare-sau-asimptomatici-rolul-medicilor-de-familie.html\" target=\"_blank\" rel=\"noreferrer noopener\">concediu medical<\/a><\/strong>&nbsp;de la medicul de familie.<\/p>\n\n\n\n<p>Mai multe detalii despre procedura de acordare a concediului medical \u00een cazurile de Covid-19&nbsp;<strong><a href=\"https:\/\/stirileprotv.ro\/stiri\/sanatate\/concediu-medical-2020-pentru-covid-19-izolare-sau-asimptomatici-rolul-medicilor-de-familie.html\" target=\"_blank\" rel=\"noreferrer noopener\">citi\u021bi aici<\/a><\/strong>.<\/p>\n\n\n\n<h2 class=\"wp-block-heading\">Direc\u021bia de S\u0103n\u0103tate Public\u0103 Bucure\u0219ti (DSP): Ce fac dac\u0103 sunt suspect de Covid-19 sau dac\u0103 am fost confirmat pozitiv<\/h2>\n\n\n\n<p>\u0218i&nbsp;<a href=\"https:\/\/dspb.ro\/ce-avem-de-facut-daca-avem-simptome-suntem-contacti-sau-suntem-depistati-covid-pozitiv\/\" target=\"_blank\" rel=\"noreferrer noopener\">Direc\u021bia de S\u0103n\u0103tate Public\u0103 Bucure\u0219ti<\/a>&nbsp;a publicat o serie de informa\u021bii legate de cazurile de Covid-19<\/p>\n\n\n\n<p>Ce avem de facut daca avem simptome, suntem contacti sau suntem depistati COVID pozitiv?<\/p>\n\n\n\n<p><strong>Ce \u00eenseamn\u0103 caz suspect?<\/strong><\/p>\n\n\n\n<p><em>\u2022 Orice persoana cu infec\u021bie respiratorie acut\u0103 (debut brusc cu cel pu\u021bin unul din urm\u0103toarele simptome: tuse, febr\u0103, dificultate \u00een respira\u021bie (scurtarea respiratiei)<br>SAU<\/em><\/p>\n\n\n\n<p><em>\u2022 Orice persoana cu pneumonie, bronhopneumonie +\/- pleurezie<\/em><\/p>\n\n\n\n<p>SAU<\/p>\n\n\n\n<p><em>\u2022 Orice persoana cu infec\u021bie respiratorie acut\u0103 sever\u0103 (SARI) (febr\u0103 sau istoric de febr\u0103 \u015eI tuse \u015eI dificultate \u00een respira\u021bie (scurtarea respiratiei) \u015eI care necesit\u0103 spitalizare peste noapte)<\/em><\/p>\n\n\n\n<p><strong>Ce \u00eenseamn\u0103 contact direct?<\/strong><\/p>\n\n\n\n<p>\u2022<em>&nbsp;Persoan\u0103 care locuie\u0219te \u00een aceea\u0219i gospod\u0103rie cu un pacient cu COVID-19<\/em><\/p>\n\n\n\n<p><em>\u2022 Persoan\u0103 care a avut contact fizic direct cu un caz de COVID-19 (ex. str\u00e2ngere de m\u00e2n\u0103 f\u0103r\u0103 igiena ulterioar\u0103 a m\u00e2inilor);<\/em><\/p>\n\n\n\n<p><em>\u2022Persoan\u0103 care a avut contact direct neprotejat cu secre\u021bii infec\u021bioase ale unui caz de COVID-19 (ex. \u00een timpul tusei, atingerea unor batiste cu m\u00e2na neprotejat\u0103 de m\u0103nu\u0219\u0103)<\/em><\/p>\n\n\n\n<p><em>\u2022 Persoan\u0103 care a avut contact fa\u0163\u0103 \u00een fa\u0163\u0103 cu un caz de COVID-19 la o distan\u0163\u0103 mai mic\u0103 de 2 m \u015fi cu o durat\u0103 de minim 15 minute<\/em><\/p>\n\n\n\n<p><em>\u2022 Persoan\u0103 care s-a aflat \u00een aceea\u0219i \u00eenc\u0103pere (ex. sala de clas\u0103, sal\u0103 de \u0219edin\u021be) cu un caz de COVID-19, timp de minimum 15 minute \u015fi la o distan\u0163\u0103 mai mic\u0103 de 2 m<\/em><\/p>\n\n\n\n<p><strong>Ce \u00eenseamn\u0103 caz confirmat?<\/strong><\/p>\n\n\n\n<p><em>\u201dO persoan\u0103 cu confirmare \u00een laborator a infec\u021biei cu SARS-CoV-2, indiferent de semnele \u015fi simptomele clinice.\u201d<\/em><\/p>\n\n\n\n<h2 class=\"wp-block-heading\">Sfaturile DSP (direc\u021bia de S\u0103n\u0103tate Public\u0103). Ce facem dac\u0103 suntem caz suspect sau chiar caz confirmat<\/h2>\n\n\n\n<p><strong>-\u25ba Situa\u021bia 1: CAZ SUSPECT \u2013 Exist\u0103 simptomatologie de infec\u021bie respiratorie sau alte semne descrise.<\/strong><\/p>\n\n\n\n<p><em>\u201dR\u0103m\u00e2nem acas\u0103 \u00een izolare din momentul \u00een care recunoa\u0219tem simptomele descrise!&nbsp;Sun\u0103m la medicul de familie \u0219i \u00eel inform\u0103m despre starea medical\u0103.<\/em><\/p>\n\n\n\n<p><em>Anun\u021b\u0103m DSPMB urgent prin e-mail ( epidemiologie@dspb.ro) sau telefonic la nr. unic 0219462.<\/em><\/p>\n\n\n\n<p><em>A\u0219tept\u0103m s\u0103 vin\u0103 Ambulan\u021b\u0103 trimis\u0103 de DSP, care ne va face testarea pentru SARS-CoV-2.<\/em><\/p>\n\n\n\n<p><em>DSPMB va emite o Decizie prin care suntem obliga\u021bi s\u0103 st\u0103m izola\u021bi la domiciliu sau la alt\u0103 adresa declarat\u0103.<\/em><\/p>\n\n\n\n<p><em>Dac\u0103 starea de s\u0103n\u0103tate se agraveaz\u0103, sun\u0103m 112, pentru consult medical \u0219i eventual\u0103 internare.<\/em><\/p>\n\n\n\n<p><em>Dac\u0103 rezultatul este pozitiv, atunci DSPMB va emite o Decizie de prezentare \u00eentr-o unitate spitaliceasc\u0103, pentru evaluare clinic\u0103 \u0219i paraclinic\u0103, care dureaz\u0103 maxim 48 de ore, \u00een func\u021bie de starea de s\u0103n\u0103tate a pacientului. Aceast\u0103 prezentare la spital, se face apel\u00e2nd la 112( de c\u0103tre DSPMB\/pacient), men\u021bion\u00e2nd Decizia primit\u0103 de la DSP. Medicul care face examinarea pacientului va recomand\u0103 izolare \u00een spital\/la domiciliu\/\u00eentr o alt\u0103 loca\u021bie \u00een func\u021bie de rezultatele evalu\u0103rii. DSPMB va emite o decizie care s\u0103 cuprind\u0103 recomandarea medicului cu perioada de izolare, \u00een baza c\u0103reia pacientul va putea primi concediul medical.<\/em><\/p>\n\n\n\n<p><em>Aten\u021bie! M\u0103sur\u0103 izol\u0103rii \u00eenceteaz\u0103 la dat\u0103 confirm\u0103rii persoanei c\u0103 fiind vindecat\u0103 pe baza examin\u0103rilor clinice \u0219i paraclinice sau a recomand\u0103rii medicului care constat\u0103 c\u0103 riscul de transmitere a bolii nu mai exist\u0103!<\/em><\/p>\n\n\n\n<p><em>Dac\u0103 rezultatul test\u0103rii este negativ, atunci, de la dat\u0103 primirii rezultatului, Decizia de izolare la domiciliu \u00ee\u0219i pierde valabilitatea, iar pacientul va beneficia de concediu medical direct de la medicul de familie, pentru diagnostic de infec\u021bie respiratorie non COVID.\u201d<\/em><\/p>\n\n\n\n<p>-\u25ba&nbsp;<strong>Situa\u021bia 2: Contact direct cu o persoan\u0103 despre care afl\u0103m c\u0103 are rezultat SARS-CoV-2 pozitiv<\/strong><\/p>\n\n\n\n<p><em>\u201dR\u0103m\u00e2nem \u00een izolare la domiciliu imediat ce am aflat despre situa\u021bia descris\u0103. Dac\u0103 avem posibilitatea, r\u0103m\u00e2nem singuri \u00een izolare. Dac\u0103 nu avem posibilitatea, st\u0103m c\u00e2t de mult se poate izola\u021bi \u00een alt\u0103 camera fa\u021b\u0103 de restul familiei, folosim masca to\u021bi din cas\u0103 atunci c\u00e2nd ne \u00eent\u00e2lnim, cur\u0103\u021b\u0103m bine suprafe\u021bele din spa\u021biile comune (baie \u0219i buc\u0103t\u0103rie).<\/em><\/p>\n\n\n\n<p><em>Persoanele care locuiesc la aceea\u0219i adresa, al\u0103turi de noi, NU STAU ACAS\u0102, nu intr\u0103 \u00een izolar, nu sunt considera\u021bi contacti ai persoanei pozitive \u0219i nu beneficiaz\u0103 de concediu medical!<br>Imediat anun\u021b\u0103m medicul de familie pentru monitorizare.<\/em><\/p>\n\n\n\n<p><em>Anun\u021b\u0103m la DSPMB, prin e-mail : carantina@dspb.ro pentru a primi Decizia de carantin\u0103 necesar\u0103 eliber\u0103rii concediului medical, \u00een baza unei declara\u021bii pe proprie r\u0103spundere completat\u0103 olograf \/digital, cu informa\u021bii complete (Nume \u0219i prenume,adresa de domiciliu, adresa de izolare \u2013 dac\u0103 e diferit\u0103 de cea de domiciliu, nr telefon sau nr telefon persoan\u0103 de contact, adresa email personal\u0103 sau la care este acces, nr fax \u2013 dac\u0103 exist\u0103, descrierea situa\u021biei de caz, dat\u0103 contactului direct, dat\u0103 la care am aflat, orice alte informa\u021bii relevante).<br>Dac\u0103 starea de s\u0103n\u0103tate se \u00eenr\u0103ut\u0103\u021be\u0219te pe parcursul perioadei de carantin\u0103 (cele 14 zile de la dat\u0103 contactului fizic), se anun\u021b\u0103 medicul de familie \u0219i\/sau apel 112, pentru consult medical.<\/em><\/p>\n\n\n\n<p><em>ATEN\u021aIE: Nu trimite\u021bi mai multe e-mail-uri pentru aceea\u0219i persoan\u0103. Orice e-mail adi\u021bional va va plasa automat la coad\u0103, timpul de a\u0219teptare fiind resetat!<\/em><\/p>\n\n\n\n<p><em>Not\u0103: Conform legisla\u021biei, testarea pentru SARS-CoV-2 gratuit\u0103 se efectueaz\u0103 doar pacien\u021bilor care au fost contacti direc\u021bi \u0219i prezint\u0103 semne de boal\u0103.<\/em><\/p>\n\n\n\n<p><em>Aten\u021bie! \u2013 dat\u0103 de la care se acord\u0103 concediul medical este dat\u0103 ultimului contact cu o persoan\u0103 cu infec\u021bie COVID, indiferent de dat\u0103 la care afl\u0103m c\u0103 persoan\u0103 respectiv\u0103 este purt\u0103toare de SARS-CoV-2. Dac\u0103 afl\u0103m dup\u0103 c\u00e2teva zile de la contact, vom st\u0103 \u00een carantin\u0103 \u00een cas\u0103, \u0219i vom avea dreptul la concediu medical aferent num\u0103rului de zile r\u0103mas p\u00e2n\u0103 la 14 zile de la dat\u0103 contactului ( de exemplu: avem contact direct conform defini\u021biei pe 03.08 \u0219i afl\u0103m c\u0103 e pozitiv pe 05.08; vom st\u0103 acas\u0103 de la dat\u0103 de 06.08 p\u00e2n\u0103 la dat\u0103 de 17.08)<\/em><\/p>\n\n\n\n<p><em>Dac\u0103, urmare a test\u0103rii, pacientul devine pozitiv, se urmeaz\u0103 pa\u0219ii men\u021biona\u021bi la SITUA\u021aIA 1.\u201d<\/em><\/p>\n\n\n\n<p><strong>-\u25ba Situa\u021bia 3: Pacient asimptomatic care \u00ee\u0219i face test COVID la cerere cu rezultat pozitiv<\/strong><\/p>\n\n\n\n<p><em>\u201dSitua\u021bia 3.1 \u2013 Nu avem simptomatologie, dar vrem s\u0103 facem testarea SARS-CoV-2 la cerere.<\/em><\/p>\n\n\n\n<p><em>Situa\u021bia 3.2 \u2013 Nu avem simptomatologie \u0219i vrem s\u0103 plec\u0103m \u00een vacan\u021b\u0103, \u00eentr-o \u021bar\u0103 care ne solicit\u0103 obligatoriu testare SARS-CoV-2.<\/em><\/p>\n\n\n\n<p><em>Situa\u021bia 3.3. \u2013 Suntem testa\u021bi la locul de munc\u0103<\/em><\/p>\n\n\n\n<p><em>Dac\u0103 rezultatul este pozitiv, pacientul r\u0103m\u00e2ne \u00een izolare la domiciliu. Dac\u0103 nu avem posibilitatea, st\u0103m c\u00e2t de mult se poate izola\u021bi \u00een alt\u0103 camera fa\u021b\u0103 de restul familiei, folosim masca to\u021bi din cas\u0103 atunci c\u00e2nd ne \u00eent\u00e2lnim, cur\u0103\u021b\u0103m bine suprafe\u021bele din spa\u021biile comune (baie \u0219i buc\u0103t\u0103rie).<\/em><\/p>\n\n\n\n<p><em>Persoanele care locuiesc la aceea\u0219i adresa, al\u0103turi de noi, sunt considera\u021bi contacti ai persoanei positive, vor st\u0103 \u00een izolare \u0219i beneficiaz\u0103 de concediu medical!<\/em><\/p>\n\n\n\n<p><em>DSPMB va emite \u0219i va comunica pacientului o Decizie de prezentare \u00eentr-o unitate spitaliceasc\u0103, pentru evaluare clinic\u0103 \u0219i paraclinic\u0103, care dureaz\u0103 maxim 48 de ore, \u00een func\u021bie de starea de s\u0103n\u0103tate a pacientului.<\/em><\/p>\n\n\n\n<p><em>Aceast\u0103 prezentare la spital, se face apel\u00e2nd la 112, men\u021bion\u00e2nd Decizia primit\u0103 de la DSP.<\/em><\/p>\n\n\n\n<p><em>\u00cen cazul \u00een care pacientul refuz\u0103 s\u0103 respecte obliga\u021bia de prezentare la o unitate spitaliceasc\u0103 conform Deciziei primite de la DSPMB, pacientul este pasibil de r\u0103spundere penal\u0103 conform legii.<\/em><\/p>\n\n\n\n<p><em>Aten\u021bie! Nerespectarea obliga\u021biei anterior prev\u0103zute duce la imposibilitatea acord\u0103rii concediului medical.<\/em><\/p>\n\n\n\n<p><strong>-\u25ba Situa\u021bia 4: Persoane intrate \u00een Rom\u00e2nia din zone cu risc epidemiologic conform INSP<\/strong><\/p>\n\n\n\n<p><em>\u201dPersoana completeaz\u0103 declara\u021bia pe propria r\u0103spundere \u00een fa\u021b\u0103 reprezentantului DSPMB din frontier\u0103 prin care se oblige s\u0103 \u00eentre \u00een carantin\u0103 la domiciliu sau la o alt\u0103 adrea declarat\u0103 expres, pentru o perioada de 14 zile de la dat\u0103 intr\u0103rii \u00een \u021bar\u0103.<\/em><\/p>\n\n\n\n<p><em>\u00cen baza declara\u021biei pe propria r\u0103spundere a persoanei, DSPMB emite decizia de carantin\u0103 pe care o comunica pacientului \u0219i organului de poli\u021bie care va urm\u0103ri respectarea prevederilor legale cu privire la carantin\u0103.<\/em><\/p>\n\n\n\n<p><em>Dac\u0103 \u00een perioada de carantin\u0103 apar simptome, se urmeaz\u0103 pa\u0219ii prezenta\u021bi \u00een SITUA\u021aIA 2.<\/em><\/p>\n\n\n\n<p><em>Dac\u0103 dup\u0103 trecerea celor 14 zile de la intrarea \u00een \u021bar\u0103 persoan\u0103 nu prezint\u0103 simptome specifice, aceast\u0103 iese din carantin\u0103 \u0219i va ob\u021bine concediul medical de la medicul de familie, \u00een baza deciziei emise de DSPMB.<\/em><\/p>\n\n\n\n<p><em>Aten\u021bie! \u00cen carantin\u0103 intr\u0103 doar personele pentru care se emite decizie de c\u0103tre DSP, nu \u0219i colocatarii. Ace\u0219tia nu sunt constiderati \u00een carantin\u0103 \u0219i nu beneficiaz\u0103 de concediu medical!<\/em><\/p>\n\n\n\n<h2 class=\"wp-block-heading\">Reguli generale, potrivit DSP<\/h2>\n\n\n\n<p>\u201d<em>Persoana diagnosticat\u0103 SARS-CoV-2 pozitiv va fi sunat\u0103 de personalul responsabil cu efectuarea anchetelor epidemiologice din cadrul D.S.P.M.B. care va efectua ancheta \u00een baza rezultatului la test;<\/em><\/p>\n\n\n\n<p><em>Persoana diagnosticat\u0103 SARS-CoV-2 pozitiv este transportat\u0103 doar cu ambulan\u021ba la o unitate sanitar\u0103 specializat\u0103 \u00een vederea evalu\u0103rii de c\u0103tre un medic specialist.<\/em><\/p>\n\n\n\n<p><em>Medicul specialist, dup\u0103 evaluarea clinic\u0103 \u0219i paraclinic\u0103, recomand\u0103, dup\u0103 caz:<br>\u2013 continuarea izol\u0103rii la domiciliu p\u00e2n\u0103 la 14 zile;<\/em><\/p>\n\n\n\n<p><em>\u2013 internarea \u00een unitatea sanitar\u0103 p\u00e2n\u0103 la 14 zile.<\/em><\/p>\n\n\n\n<p><em>Persoana diagnosticat\u0103 SARS-CoV-2 pozitiv pentru care s-a stabilit continuarea izol\u0103rii la domiciliu, anun\u021b\u0103 medicul de familie pentru a putea fi monitorizata si pentru a i se putea emite concediu medical.<\/em><\/p>\n\n\n\n<p><em>\u00cen situa\u021bia \u00een care persoana diagnosticat\u0103 SARS-CoV-2 pozitiv refuz\u0103 m\u0103sura izol\u0103rii la domiciliu sau m\u0103sura prelungirii intern\u0103rii\/izol\u0103rii, medicul informeaz\u0103 de \u00eendat\u0103, dup\u0103 consemnarea refuzului persoanei, D.S.P.M.B., care, va emite decizia prin care confirm\u0103 sau infirm\u0103 m\u0103sura izol\u0103rii sau a prelungirii iz\u0103larii recomandate de medic.<\/em><\/p>\n\n\n\n<p><em>Prin excep\u0163ie, persoanele pentru care se instituie m\u0103sura de carantin\u0103 declar\u0103 pe propria r\u0103spundere c\u0103 nu \u00ee\u015fi pot asigura condi\u0163iile de separare fizic\u0103 la domiciliu sau la loca\u0163ia declarat\u0103, acestea pot opta pentru m\u0103sura carantinei institu\u0163ionalizate, \u00een spa\u0163ii special destinate puse la dispozi\u0163ie de autorit\u0103\u0163ile administra\u0163iei publice locale.\u201d<\/em><\/p>\n","protected":false},"excerpt":{"rendered":"<p>Societatea Na\u021bional\u0103 de Medicina Familiei a elaborat un ghid informativ pentru rom\u00e2nii care vor s\u0103 \u0219tie ce trebuie s\u0103 fac\u0103<\/p>\n","protected":false},"author":1,"featured_media":70166,"comment_status":"closed","ping_status":"closed","sticky":false,"template":"","format":"standard","meta":{"spay_email":"","footnotes":"","jetpack_publicize_message":""},"categories":[80],"tags":[],"class_list":["post-70165","post","type-post","status-publish","format-standard","has-post-thumbnail","hentry","category-sanatate"],"jetpack_featured_media_url":"https:\/\/i0.wp.com\/realitatearutiera.ro\/wp-content\/uploads\/2020\/10\/91D86DCE-24C0-4532-A51F-71C5695588B2_w408_r1_s.jpg?fit=408%2C230&ssl=1","jetpack_publicize_connections":[],"jetpack_sharing_enabled":true,"jetpack_shortlink":"https:\/\/wp.me\/p61naM-ifH","jetpack-related-posts":[],"_links":{"self":[{"href":"https:\/\/realitatearutiera.ro\/index.php?rest_route=\/wp\/v2\/posts\/70165","targetHints":{"allow":["GET"]}}],"collection":[{"href":"https:\/\/realitatearutiera.ro\/index.php?rest_route=\/wp\/v2\/posts"}],"about":[{"href":"https:\/\/realitatearutiera.ro\/index.php?rest_route=\/wp\/v2\/types\/post"}],"author":[{"embeddable":true,"href":"https:\/\/realitatearutiera.ro\/index.php?rest_route=\/wp\/v2\/users\/1"}],"replies":[{"embeddable":true,"href":"https:\/\/realitatearutiera.ro\/index.php?rest_route=%2Fwp%2Fv2%2Fcomments&post=70165"}],"version-history":[{"count":1,"href":"https:\/\/realitatearutiera.ro\/index.php?rest_route=\/wp\/v2\/posts\/70165\/revisions"}],"predecessor-version":[{"id":70167,"href":"https:\/\/realitatearutiera.ro\/index.php?rest_route=\/wp\/v2\/posts\/70165\/revisions\/70167"}],"wp:featuredmedia":[{"embeddable":true,"href":"https:\/\/realitatearutiera.ro\/index.php?rest_route=\/wp\/v2\/media\/70166"}],"wp:attachment":[{"href":"https:\/\/realitatearutiera.ro\/index.php?rest_route=%2Fwp%2Fv2%2Fmedia&parent=70165"}],"wp:term":[{"taxonomy":"category","embeddable":true,"href":"https:\/\/realitatearutiera.ro\/index.php?rest_route=%2Fwp%2Fv2%2Fcategories&post=70165"},{"taxonomy":"post_tag","embeddable":true,"href":"https:\/\/realitatearutiera.ro\/index.php?rest_route=%2Fwp%2Fv2%2Ftags&post=70165"}],"curies":[{"name":"wp","href":"https:\/\/api.w.org\/{rel}","templated":true}]}}