{"id":70544,"date":"2020-11-09T08:22:32","date_gmt":"2020-11-09T06:22:32","guid":{"rendered":"http:\/\/realitatearutiera.ro\/?p=70544"},"modified":"2020-11-09T08:22:35","modified_gmt":"2020-11-09T06:22:35","slug":"situatia-traficului-la-ora-0800-31","status":"publish","type":"post","link":"https:\/\/realitatearutiera.ro\/?p=70544","title":{"rendered":"SITUA\u0162IA TRAFICULUI LA ORA 08:00"},"content":{"rendered":"\n<p><strong>Centrul INFOTRAFIC din Inspectoratul General al Poli\u021biei Rom\u00e2ne&nbsp;<\/strong>informeaz\u0103 c\u0103, la aceast\u0103 or\u0103, nu sunt semnalate evenimente rutiere care s\u0103 impun\u0103 oprirea circula\u0163iei pe drumurile na\u0163ionale sau pe autostr\u0103zi.<\/p>\n\n\n\n<p>Se circul\u0103 \u00eens\u0103 \u00een condi\u021bii de cea\u021b\u0103, care reduce vizibilitatea sub 200 metri \u0219i izolat sub 50 metri, pe mai multe artere rutiere din 34 de jude\u021be ale \u021b\u0103rii, respectiv Suceava, Gala\u021bi, Maramure\u0219, S\u0103laj, Satu Mare, Bistri\u021ba-N\u0103s\u0103ud, Bucure\u0219ti, Gorj, Olt, V\u00e2lcea, &nbsp;Dolj, Mehedin\u021bi, Br\u0103ila, Ialomi\u021ba, Arge\u0219, Prahova, Buz\u0103u, C\u0103l\u0103ra\u0219i, Giurgiu, Ilfov, D\u00e2mbovi\u021ba, Teleorman, Alba, Covasna, Bra\u0219ov, Mure\u0219, Harghita, Sibiu, Boto\u0219ani, Ia\u0219i, Vaslui, Arad, Bihor \u0219i Timi\u0219.<\/p>\n\n\n\n<p>\u00cen ceea ce prive\u0219te fluen\u021ba traficului, se circul\u0103 \u00een condi\u021bii de aglomera\u021bie pe sensul de intrare \u00een Capital\u0103 al DN4, \u00een zona localit\u0103\u021bii Pope\u0219ti-Leordeni, dar \u0219i pe Centura Capitalei, \u00een zona localit\u0103\u021bilor Mogo\u0219oaia, Chitila \u0219i Domne\u0219ti.<\/p>\n\n\n\n<p>Pe autostrada A2 Bucure\u0219ti-Constan\u021ba, \u00eentre kilometrii 33 \u2013 36+100 de metri, localitatea Fundulea, jude\u021bul C\u0103l\u0103ra\u0219i, traficul rutier a fost deviat de pe calea 1 (sensul c\u0103tre Constan\u021ba) pe cel\u0103lalt sens, unde se circul\u0103 pe c\u00e2te o band\u0103 pentru fiecare direc\u021bie. \u0218i pe tronsonul kilometric 27 \u2013 17 (Br\u0103ne\u0219ti &#8211; Cernica, jude\u021bul Ilfov), traficul este deviat de pe calea 2 (sensul c\u0103tre Bucure\u0219ti) pe sensul opus, unde se circul\u0103 pe c\u00e2te o band\u0103 pentru fiecare direc\u021bie. M\u0103sura devierii se aplic\u0103 pentru efectuarea unor lucr\u0103ri de reabilitare a p\u0103r\u021bii carosabile.<\/p>\n\n\n\n<p><strong><em>Recomand\u0103m conduc\u0103torilor auto ca, pe timp de cea\u0163\u0103, s\u0103 reduc\u0103 viteza, s\u0103 m\u0103reasc\u0103 distan\u0163a \u00een mers fa\u0163\u0103 de vehiculele din fa\u021b\u0103 \u015fi s\u0103 foloseasc\u0103 corespunz\u0103tor luminile. Trebuie sa atragem atentia si pietonilor, bicicli\u015ftilor \u015fi c\u0103ru\u0163a\u015filor care trebuie s\u0103 fie con\u015ftien\u0163i de faptul c\u0103 pe timp de cea\u0163\u0103 sunt mai greu vizibili \u00een trafic.<\/em><\/strong><\/p>\n","protected":false},"excerpt":{"rendered":"<p>Centrul INFOTRAFIC din Inspectoratul General al Poli\u021biei Rom\u00e2ne&nbsp;informeaz\u0103 c\u0103, la aceast\u0103 or\u0103, nu sunt semnalate evenimente rutiere care s\u0103 impun\u0103<\/p>\n","protected":false},"author":1,"featured_media":38224,"comment_status":"closed","ping_status":"closed","sticky":false,"template":"","format":"standard","meta":{"spay_email":"","footnotes":"","jetpack_publicize_message":""},"categories":[54],"tags":[],"class_list":["post-70544","post","type-post","status-publish","format-standard","has-post-thumbnail","hentry","category-informatii-rutiere"],"jetpack_featured_media_url":"https:\/\/i1.wp.com\/realitatearutiera.ro\/wp-content\/uploads\/2018\/07\/infotrafic.jpg?fit=425%2C425&ssl=1","jetpack_publicize_connections":[],"jetpack_sharing_enabled":true,"jetpack_shortlink":"https:\/\/wp.me\/p61naM-ilO","jetpack-related-posts":[],"_links":{"self":[{"href":"https:\/\/realitatearutiera.ro\/index.php?rest_route=\/wp\/v2\/posts\/70544","targetHints":{"allow":["GET"]}}],"collection":[{"href":"https:\/\/realitatearutiera.ro\/index.php?rest_route=\/wp\/v2\/posts"}],"about":[{"href":"https:\/\/realitatearutiera.ro\/index.php?rest_route=\/wp\/v2\/types\/post"}],"author":[{"embeddable":true,"href":"https:\/\/realitatearutiera.ro\/index.php?rest_route=\/wp\/v2\/users\/1"}],"replies":[{"embeddable":true,"href":"https:\/\/realitatearutiera.ro\/index.php?rest_route=%2Fwp%2Fv2%2Fcomments&post=70544"}],"version-history":[{"count":1,"href":"https:\/\/realitatearutiera.ro\/index.php?rest_route=\/wp\/v2\/posts\/70544\/revisions"}],"predecessor-version":[{"id":70545,"href":"https:\/\/realitatearutiera.ro\/index.php?rest_route=\/wp\/v2\/posts\/70544\/revisions\/70545"}],"wp:featuredmedia":[{"embeddable":true,"href":"https:\/\/realitatearutiera.ro\/index.php?rest_route=\/wp\/v2\/media\/38224"}],"wp:attachment":[{"href":"https:\/\/realitatearutiera.ro\/index.php?rest_route=%2Fwp%2Fv2%2Fmedia&parent=70544"}],"wp:term":[{"taxonomy":"category","embeddable":true,"href":"https:\/\/realitatearutiera.ro\/index.php?rest_route=%2Fwp%2Fv2%2Fcategories&post=70544"},{"taxonomy":"post_tag","embeddable":true,"href":"https:\/\/realitatearutiera.ro\/index.php?rest_route=%2Fwp%2Fv2%2Ftags&post=70544"}],"curies":[{"name":"wp","href":"https:\/\/api.w.org\/{rel}","templated":true}]}}