{"id":70547,"date":"2020-11-09T08:26:42","date_gmt":"2020-11-09T06:26:42","guid":{"rendered":"http:\/\/realitatearutiera.ro\/?p=70547"},"modified":"2020-11-09T08:26:48","modified_gmt":"2020-11-09T06:26:48","slug":"cod-galben-de-ceata-densa-in-aproape-toata-tara","status":"publish","type":"post","link":"https:\/\/realitatearutiera.ro\/?p=70547","title":{"rendered":"Cod galben de cea\u021b\u0103 dens\u0103 \u00een aproape toat\u0103 \u021bara"},"content":{"rendered":"\n<p>Aproape toat\u0103 \u0163ara se afl\u0103 sub Cod galben de cea\u0163\u0103 dens\u0103 \u015fi vizibilitate redus\u0103, inclusiv municipiul Bucure\u015fti, conform avertiz\u0103rilor emise luni diminea\u0163a de Administra\u0163ia Na\u0163ional\u0103 de Meteorologie (ANM).<\/p>\n\n\n\n<p>Astfel, p\u00e2n\u0103 la ora 11:00, \u00een localit\u0103\u0163i sau zone din jude\u0163ele Alba, Covasna, Bra\u015fov, Mure\u015f, Harghita \u015fi Sibiu, iar p\u00e2n\u0103 la ora 10:00, \u00een Constan\u0163a, Tulcea, Suceava, Gala\u0163i, Boto\u015fani, Ia\u015fi \u015fi Vaslui se va semnala, local, cea\u0163\u0103 care determin\u0103 reducerea vizibilit\u0103\u0163ii sub 200 de metri \u015fi izolat sub 50 de metri.<\/p>\n\n\n\n<p>De asemenea, cea\u0163a va persista, p\u00e2n\u0103 la ora 9:00, \u00een Bucure\u015fti \u015fi \u00een zone din jude\u0163ele Maramure\u015f, Cluj, S\u0103laj, Satu Mare, Bistri\u0163a-N\u0103s\u0103ud, Gorj, Olt, V\u00e2lcea, Dolj, Mehedin\u0163i, Br\u0103ila, Ialomi\u0163a, Arge\u015f, Prahova, Buz\u0103u, C\u0103l\u0103ra\u015fi, Giurgiu, Ilfov, D\u00e2mbovi\u0163a \u015fi Teleorman. Izolat, \u00een unele zone, va ap\u0103rea \u015fi burni\u0163a.<\/p>\n\n\n\n<p>Potrivit meteorologilor, p\u00e2n\u0103 la ora 8:00, se afl\u0103 sub avertizare de cea\u0163\u0103 \u015fi vizibilitate redus\u0103 localit\u0103\u0163i din jude\u0163ele Arad, Bihor \u015fi Timi\u015f.<\/p>\n\n\n\n<p>Avertiz\u0103rile de fenomene periculoase imediate (nowcasting) se emit pentru o perioad\u0103 de maximum \u015fase ore, precizeaz\u0103 ANM.<\/p>\n\n\n\n<p>Sursa:g4media<\/p>\n","protected":false},"excerpt":{"rendered":"<p>Aproape toat\u0103 \u0163ara se afl\u0103 sub Cod galben de cea\u0163\u0103 dens\u0103 \u015fi vizibilitate redus\u0103, inclusiv municipiul Bucure\u015fti, conform avertiz\u0103rilor emise<\/p>\n","protected":false},"author":1,"featured_media":31679,"comment_status":"closed","ping_status":"closed","sticky":false,"template":"","format":"standard","meta":{"spay_email":"","footnotes":"","jetpack_publicize_message":""},"categories":[54],"tags":[],"class_list":["post-70547","post","type-post","status-publish","format-standard","has-post-thumbnail","hentry","category-informatii-rutiere"],"jetpack_featured_media_url":"https:\/\/i0.wp.com\/realitatearutiera.ro\/wp-content\/uploads\/2018\/01\/6317276-mediafax-foto-gabriel-fluerariu.jpg?fit=605%2C403&ssl=1","jetpack_publicize_connections":[],"jetpack_sharing_enabled":true,"jetpack_shortlink":"https:\/\/wp.me\/p61naM-ilR","jetpack-related-posts":[],"_links":{"self":[{"href":"https:\/\/realitatearutiera.ro\/index.php?rest_route=\/wp\/v2\/posts\/70547","targetHints":{"allow":["GET"]}}],"collection":[{"href":"https:\/\/realitatearutiera.ro\/index.php?rest_route=\/wp\/v2\/posts"}],"about":[{"href":"https:\/\/realitatearutiera.ro\/index.php?rest_route=\/wp\/v2\/types\/post"}],"author":[{"embeddable":true,"href":"https:\/\/realitatearutiera.ro\/index.php?rest_route=\/wp\/v2\/users\/1"}],"replies":[{"embeddable":true,"href":"https:\/\/realitatearutiera.ro\/index.php?rest_route=%2Fwp%2Fv2%2Fcomments&post=70547"}],"version-history":[{"count":1,"href":"https:\/\/realitatearutiera.ro\/index.php?rest_route=\/wp\/v2\/posts\/70547\/revisions"}],"predecessor-version":[{"id":70551,"href":"https:\/\/realitatearutiera.ro\/index.php?rest_route=\/wp\/v2\/posts\/70547\/revisions\/70551"}],"wp:featuredmedia":[{"embeddable":true,"href":"https:\/\/realitatearutiera.ro\/index.php?rest_route=\/wp\/v2\/media\/31679"}],"wp:attachment":[{"href":"https:\/\/realitatearutiera.ro\/index.php?rest_route=%2Fwp%2Fv2%2Fmedia&parent=70547"}],"wp:term":[{"taxonomy":"category","embeddable":true,"href":"https:\/\/realitatearutiera.ro\/index.php?rest_route=%2Fwp%2Fv2%2Fcategories&post=70547"},{"taxonomy":"post_tag","embeddable":true,"href":"https:\/\/realitatearutiera.ro\/index.php?rest_route=%2Fwp%2Fv2%2Ftags&post=70547"}],"curies":[{"name":"wp","href":"https:\/\/api.w.org\/{rel}","templated":true}]}}