{"id":70621,"date":"2020-11-10T09:46:51","date_gmt":"2020-11-10T07:46:51","guid":{"rendered":"http:\/\/realitatearutiera.ro\/?p=70621"},"modified":"2020-11-10T09:46:54","modified_gmt":"2020-11-10T07:46:54","slug":"masinile-electrice-ar-putea-readuce-bancheta-din-fata","status":"publish","type":"post","link":"https:\/\/realitatearutiera.ro\/?p=70621","title":{"rendered":"Ma\u0219inile electrice ar putea readuce bancheta din fa\u021b\u0103"},"content":{"rendered":"\n<p><strong>Unele modele de ma\u0219ini electrice revin la bancheta din fa\u021b\u0103, \u00eenlocuind astfel cele dou\u0103 scaune din fa\u021b\u0103 cu care suntem obi\u0219nui\u021bi.<\/strong><\/p>\n\n\n\n<p>\u00cen secolul trecut, multe automobile aveau \u00een fa\u021b\u0103 o banchet\u0103, la fel ca \u0219i \u00een spate. Aceast\u0103 solu\u021bie era potrivit\u0103 pentru realit\u0103\u021bile de dup\u0103 cel de-al Doilea R\u0103zboi Mondial, mai ales \u00een America. \u00cen primul r\u00e2nd erau preferate\u00a0<a rel=\"noreferrer noopener\" href=\"https:\/\/www.descopera.ro\/lumea-digitala\/19480106-uber-investeste-800-de-milioane-de-dolari-ca-sa-si-ajute-soferii-sa-treaca-la-masini-electrice\" target=\"_blank\">ma\u0219inile<\/a>\u00a0mari. \u00cen acestea, mai mul\u021bi membri ai acelea\u0219i familii puteau \u00eenc\u0103pea, iar cinematografele \u00een aer liber de tip \u201edrive-in \u201d, \u00een care oamenii st\u0103teau \u00een automobile, erau foarte populare.<\/p>\n\n\n\n<p>Ulterior, bancheta din fa\u021b\u0103 a disp\u0103rut, iar locul ei a fost luat de dou\u0103 scaune separate. Asta deoarece oamenii au \u00eenceput s\u0103 \u00ee\u0219i doreasc\u0103 ma\u0219ini mai mici \u0219i mai sportive, cu consum mai redus \u0219i mai u\u0219or de parcat \u00een ora\u0219ele din ce \u00een ce mai aglomerate. Mai mult, \u00een Europa ma\u0219inile cu banchet\u0103 \u00een partea din fa\u021b\u0103 nu au fost niciodat\u0103 prea populare, iar solda\u021bii americani \u00eentor\u0219i acas\u0103 se obi\u0219nuiser\u0103 cu vehiculele de acolo. Totodat\u0103, centurile de siguran\u021b\u0103 ofer\u0103 protec\u021bie mai bun\u0103 \u00een cazul scaunelor.<\/p>\n\n\n\n<h2 class=\"wp-block-heading\">Posibile noi design-uri ale ma\u0219inilor electrice<\/h2>\n\n\n\n<p>\u00cen ma\u0219inile electrice, \u00eens\u0103, bancheta din fa\u021b\u0103 ar putea reveni, mai ales pe&nbsp;<a href=\"https:\/\/www.descopera.ro\/lumea-digitala\/19466206-un-hacker-sustine-ca-a-preluat-controlul-intregii-flote-de-masini-electrice-tesla\" target=\"_blank\" rel=\"noreferrer noopener\">modelele cu un grad ridicat de autonomie<\/a>. Asta deoarece aceste vehicule nu au schimb\u0103tor de viteze de tip manet\u0103, iar multe dintre butoanele fizice au fost \u00eenlocuite de sisteme bazate pe ecrane tactile. Totodat\u0103, lipse\u0219te canalul de sub ma\u0219in\u0103 prin care trec \u021bevile de evacuare a gazelor de a\u0219apament, iar podeaua din cabin\u0103 poate s\u0103 fie plat\u0103.<\/p>\n\n\n\n<h3 class=\"wp-block-heading\"><a href=\"https:\/\/www.go4it.ro\/content\/auto\/de-ce-disparut-bancheta-din-fata-din-automobile-si-motivul-pentru-care-ar-putea-reveni-in-cele-electrice-19161468\/?fbclid=IwAR1s_3b5sxog7tQXv9I7tpIXr9lATpzTPPP2svJDfvXTjZIGvw9r4I-8QK0\" target=\"_blank\" rel=\"noreferrer noopener\">Cite\u0219te continuarea pe Go4it!<\/a><\/h3>\n","protected":false},"excerpt":{"rendered":"<p>Unele modele de ma\u0219ini electrice revin la bancheta din fa\u021b\u0103, \u00eenlocuind astfel cele dou\u0103 scaune din fa\u021b\u0103 cu care suntem<\/p>\n","protected":false},"author":1,"featured_media":38238,"comment_status":"closed","ping_status":"closed","sticky":false,"template":"","format":"standard","meta":{"spay_email":"","footnotes":"","jetpack_publicize_message":""},"categories":[6],"tags":[],"class_list":["post-70621","post","type-post","status-publish","format-standard","has-post-thumbnail","hentry","category-social"],"jetpack_featured_media_url":"https:\/\/i2.wp.com\/realitatearutiera.ro\/wp-content\/uploads\/2018\/07\/masina-electrica.jpg?fit=646%2C404&ssl=1","jetpack_publicize_connections":[],"jetpack_sharing_enabled":true,"jetpack_shortlink":"https:\/\/wp.me\/p61naM-in3","jetpack-related-posts":[],"_links":{"self":[{"href":"https:\/\/realitatearutiera.ro\/index.php?rest_route=\/wp\/v2\/posts\/70621","targetHints":{"allow":["GET"]}}],"collection":[{"href":"https:\/\/realitatearutiera.ro\/index.php?rest_route=\/wp\/v2\/posts"}],"about":[{"href":"https:\/\/realitatearutiera.ro\/index.php?rest_route=\/wp\/v2\/types\/post"}],"author":[{"embeddable":true,"href":"https:\/\/realitatearutiera.ro\/index.php?rest_route=\/wp\/v2\/users\/1"}],"replies":[{"embeddable":true,"href":"https:\/\/realitatearutiera.ro\/index.php?rest_route=%2Fwp%2Fv2%2Fcomments&post=70621"}],"version-history":[{"count":1,"href":"https:\/\/realitatearutiera.ro\/index.php?rest_route=\/wp\/v2\/posts\/70621\/revisions"}],"predecessor-version":[{"id":70622,"href":"https:\/\/realitatearutiera.ro\/index.php?rest_route=\/wp\/v2\/posts\/70621\/revisions\/70622"}],"wp:featuredmedia":[{"embeddable":true,"href":"https:\/\/realitatearutiera.ro\/index.php?rest_route=\/wp\/v2\/media\/38238"}],"wp:attachment":[{"href":"https:\/\/realitatearutiera.ro\/index.php?rest_route=%2Fwp%2Fv2%2Fmedia&parent=70621"}],"wp:term":[{"taxonomy":"category","embeddable":true,"href":"https:\/\/realitatearutiera.ro\/index.php?rest_route=%2Fwp%2Fv2%2Fcategories&post=70621"},{"taxonomy":"post_tag","embeddable":true,"href":"https:\/\/realitatearutiera.ro\/index.php?rest_route=%2Fwp%2Fv2%2Ftags&post=70621"}],"curies":[{"name":"wp","href":"https:\/\/api.w.org\/{rel}","templated":true}]}}