{"id":70627,"date":"2020-11-10T11:00:06","date_gmt":"2020-11-10T09:00:06","guid":{"rendered":"http:\/\/realitatearutiera.ro\/?p=70627"},"modified":"2020-11-10T11:01:21","modified_gmt":"2020-11-10T09:01:21","slug":"un-barbat-de-32-de-ani-din-harsova-a-fost-retinut-de-politistii-ialomiteni-pentru-cumul-de-infractiuni-la-regimul-circulatiei-rutiere-si-ultraj","status":"publish","type":"post","link":"https:\/\/realitatearutiera.ro\/?p=70627","title":{"rendered":"Un b\u0103rbat de 32 de ani, din H\u00e2r\u0219ova, a fost re\u0163inut de poli\u021bi\u0219tii ialomi\u021beni pentru cumul de infrac\u021biuni la regimul circula\u0163iei rutiere \u0219i ultraj."},"content":{"rendered":"\n<p>La data de 6 noiembrie, b\u0103rbatul \u00een cauz\u0103 a fost depistat \u00een cadrul unui filtru rutier de un echipaj de poli\u021bie, \u00een timp ce conducea un autoturism raza ora\u0219ului \u021a\u0103nd\u0103rei f\u0103r\u0103 a de\u021bine permis de conducere valabil pentru nicio categorie de vehicule.<\/p>\n\n\n\n<p>\u00cen timpul verific\u0103rilor efectuate \u00een bazele de date, conduc\u0103torul auto a demarat \u00een tromb\u0103 \u00eencerc\u00e2nd s\u0103 fug\u0103 de la fa\u021ba locului, lovind cu partea dreapt\u0103 a autoturismului o poli\u021bist\u0103 ce se afla \u00een filtrul rutier.<\/p>\n\n\n\n<h4 class=\"wp-block-heading\">Conduc\u0103torul auto a fost re\u021binut pentru 24 de ore, fiind prezentat magistra\u021bilor cu propunere de arestare preventiv\u0103<\/h4>\n\n\n\n<p>B\u0103rbatul a fost urm\u0103rit \u0219i interceptat \u00een scurt timp pe raza ora\u0219ului \u021a\u0103nd\u0103rei, iar \u00een momentul \u00een care a fost extras din autoturism, a lovit cu pumnii \u0219i picioarele un jandarm care acorda sprijin efectivelor de poli\u021bie.<\/p>\n\n\n\n<p><a href=\"https:\/\/www.promotor.ro\/stiri-auto\/politia-rutiera-cumpara-3-000-de-etilometre-pentru-a-lupta-cu-alcoolul-la-volan-18765445\">\u00centruc\u00e2t \u0219oferul<\/a>&nbsp;emana halen\u0103 alcoolic\u0103, i s-a solicitat testarea cu aparatul etilotest, \u00eens\u0103 b\u0103rbatul a refuzat at\u00e2t etilotestul c\u00e2t \u0219i prelevarea de probe biologice de s\u00e2nge.<\/p>\n\n\n\n<p>La data de 7 noiembrie, pe numele acestuia a fost dispus\u0103 m\u0103sura arest\u0103rii de c\u0103tre Judec\u0103toria Fete\u0219ti pentru o perioad\u0103 de 30 de zile, cercet\u0103rile fiind continuate sub aspectul s\u0103v\u00e2r\u015firii infrac\u0163iunilor de \u201econducere pe drumurile publice a unui autovehicul de c\u0103tre o persoana care nu posed\u0103 permis de conducere\u201d \u0219i \u201erefuzul sau sustragerea de la prelevarea de&nbsp;<a href=\"https:\/\/www.promotor.ro\/stiri-auto\/ce-alcoolemie-ai-dupa-ce-te-dezinfectezi-cu-spirt-si-sufli-in-etilotest-experimentul-inedit-al-unui-politist-rutier-video-18770997\">probe biologice<\/a>\u201d \u0219i \u201eultraj\u201d.<\/p>\n\n\n\n<p>Nici jandarmul nici colega nu au avut nevoie de \u00eengrijiri medicale.<\/p>\n\n\n\n<p>B\u0103rbatul  a fost prezentat magistra\u0163ilor, pe numele lui fiind dispus\u0103 m\u0103sura arest\u0103rii preventive.<\/p>\n\n\n\n<p>sursa: promotor<\/p>\n","protected":false},"excerpt":{"rendered":"<p>La data de 6 noiembrie, b\u0103rbatul \u00een cauz\u0103 a fost depistat \u00een cadrul unui filtru rutier de un echipaj de<\/p>\n","protected":false},"author":1,"featured_media":70628,"comment_status":"closed","ping_status":"closed","sticky":false,"template":"","format":"standard","meta":{"spay_email":"","footnotes":"","jetpack_publicize_message":""},"categories":[11],"tags":[],"class_list":["post-70627","post","type-post","status-publish","format-standard","has-post-thumbnail","hentry","category-stiri-interne"],"jetpack_featured_media_url":"https:\/\/i2.wp.com\/realitatearutiera.ro\/wp-content\/uploads\/2020\/11\/61928923.jpg?fit=680%2C383&ssl=1","jetpack_publicize_connections":[],"jetpack_sharing_enabled":true,"jetpack_shortlink":"https:\/\/wp.me\/p61naM-in9","jetpack-related-posts":[],"_links":{"self":[{"href":"https:\/\/realitatearutiera.ro\/index.php?rest_route=\/wp\/v2\/posts\/70627","targetHints":{"allow":["GET"]}}],"collection":[{"href":"https:\/\/realitatearutiera.ro\/index.php?rest_route=\/wp\/v2\/posts"}],"about":[{"href":"https:\/\/realitatearutiera.ro\/index.php?rest_route=\/wp\/v2\/types\/post"}],"author":[{"embeddable":true,"href":"https:\/\/realitatearutiera.ro\/index.php?rest_route=\/wp\/v2\/users\/1"}],"replies":[{"embeddable":true,"href":"https:\/\/realitatearutiera.ro\/index.php?rest_route=%2Fwp%2Fv2%2Fcomments&post=70627"}],"version-history":[{"count":2,"href":"https:\/\/realitatearutiera.ro\/index.php?rest_route=\/wp\/v2\/posts\/70627\/revisions"}],"predecessor-version":[{"id":70630,"href":"https:\/\/realitatearutiera.ro\/index.php?rest_route=\/wp\/v2\/posts\/70627\/revisions\/70630"}],"wp:featuredmedia":[{"embeddable":true,"href":"https:\/\/realitatearutiera.ro\/index.php?rest_route=\/wp\/v2\/media\/70628"}],"wp:attachment":[{"href":"https:\/\/realitatearutiera.ro\/index.php?rest_route=%2Fwp%2Fv2%2Fmedia&parent=70627"}],"wp:term":[{"taxonomy":"category","embeddable":true,"href":"https:\/\/realitatearutiera.ro\/index.php?rest_route=%2Fwp%2Fv2%2Fcategories&post=70627"},{"taxonomy":"post_tag","embeddable":true,"href":"https:\/\/realitatearutiera.ro\/index.php?rest_route=%2Fwp%2Fv2%2Ftags&post=70627"}],"curies":[{"name":"wp","href":"https:\/\/api.w.org\/{rel}","templated":true}]}}