{"id":70689,"date":"2020-11-12T08:22:38","date_gmt":"2020-11-12T06:22:38","guid":{"rendered":"http:\/\/realitatearutiera.ro\/?p=70689"},"modified":"2020-11-12T08:22:41","modified_gmt":"2020-11-12T06:22:41","slug":"informatii-din-trafic-162","status":"publish","type":"post","link":"https:\/\/realitatearutiera.ro\/?p=70689","title":{"rendered":"Informa\u021bii din trafic"},"content":{"rendered":"\n<p><strong>SITUA\u0162IA TRAFICULUI LA ORA 07:0<\/strong>0<\/p>\n\n\n\n<p><strong>Centrul INFOTRAFIC din Inspectoratul General al Poli\u021biei Rom\u00e2ne&nbsp;<\/strong>informeaz\u0103 c\u0103, la aceast\u0103 or\u0103, nu sunt semnalate evenimente rutiere care s\u0103 impun\u0103 oprirea circula\u0163iei pe drumurile na\u0163ionale sau pe autostr\u0103zi.<\/p>\n\n\n\n<p>Se circul\u0103 \u00eens\u0103 \u00een condi\u021bii de cea\u021b\u0103, care reduce vizibilitatea sub 200 metri \u0219i izolat sub 50 metri, pe mai multe artere rutiere din jude\u021bele Harghita \u0219i Suceava.<\/p>\n\n\n\n<p>\u00cen ceea ce prive\u0219te fluen\u021ba traficului, se circul\u0103 \u00een condi\u021bii de aglomera\u021bie pe sensul de intrare \u00een Capital\u0103 al DN4, \u00een zona localit\u0103\u021bii Pope\u0219ti-Leordeni, dar \u0219i pe Centura Capitalei, \u00een zona localit\u0103\u021bilor Mogo\u0219oaia, Chitila \u0219i Domne\u0219ti.<\/p>\n\n\n\n<p>Pe autostrada A2 Bucure\u0219ti-Constan\u021ba, \u00eentre kilometrii 33 \u2013 36+100 de metri, localitatea Fundulea, jude\u021bul C\u0103l\u0103ra\u0219i, traficul rutier a fost deviat de pe calea 1 (sensul c\u0103tre Constan\u021ba) pe cel\u0103lalt sens, unde se circul\u0103 pe c\u00e2te o band\u0103 pentru fiecare direc\u021bie. \u0218i pe tronsonul kilometric 27 \u2013 17 (Br\u0103ne\u0219ti &#8211; Cernica, jude\u021bul Ilfov), traficul este deviat de pe calea 2 (sensul c\u0103tre Bucure\u0219ti) pe sensul opus, unde se circul\u0103 pe c\u00e2te o band\u0103 pentru fiecare direc\u021bie. M\u0103sura devierii se aplic\u0103 pentru efectuarea unor lucr\u0103ri de reabilitare a p\u0103r\u021bii carosabile.<\/p>\n\n\n\n<p><strong><em>Recomand\u0103m conduc\u0103torilor auto ca, pe timp de cea\u0163\u0103, s\u0103 reduc\u0103 viteza, s\u0103 m\u0103reasc\u0103 distan\u0163a \u00een mers fa\u0163\u0103 de vehiculele din fa\u021b\u0103 \u015fi s\u0103 foloseasc\u0103 corespunz\u0103tor luminile. Trebuie sa atragem atentia si pietonilor, bicicli\u015ftilor \u015fi c\u0103ru\u0163a\u015filor care trebuie s\u0103 fie con\u015ftien\u0163i de faptul c\u0103 pe timp de cea\u0163\u0103 sunt mai greu vizibili \u00een trafic.<\/em><\/strong><\/p>\n\n\n\n<h4 class=\"wp-block-heading\">JUDE\u021aUL V\u00c2LCEA: RESTRIC\u021aII DE CIRCULA\u021aIE PE DN 7 \u0218I DN 64<\/h4>\n\n\n\n<p><strong>Centrul INFOTRAFIC din Inspectoratul General al Poli\u021biei Rom\u00e2ne&nbsp;<\/strong>informeaz\u0103 c\u0103, ast\u0103zi, \u00een func\u021bie de condi\u021biile meteorologice, se vor executa lucr\u0103ri care vor afecta traficul rutier dup\u0103 cum urmeaz\u0103:<\/p>\n\n\n\n<p>&#8211; DN 7, km. 192 \u2013 195, pe raza localit\u0103\u021bii C\u0103lim\u0103ne\u0219ti, se lucreaz\u0103 la frezarea p\u0103r\u021bii carosabile \u00een vederea a\u0219ternerii covorului asfaltic, \u00eentre orele 07:00 -18:00. Circula\u021bia rutier\u0103 este deviat\u0103 pe Centura C\u0103lim\u0103ne\u0219ti, cu excep\u021bia riveranilor;<\/p>\n\n\n\n<p>&#8211; DN 64, km. 99+600 de metri \u2013 99+800 de metri, pe raza localit\u0103\u021bii B\u0103beni, se lucreaz\u0103 la repararea dispozitivelor de acoperire a rosturilor podului din zon\u0103, \u00eentre orele 08:00 -16:00. Circula\u021bia rutier\u0103 se desf\u0103\u0219oar\u0103 pe 1\/2 din cale, dirijat de pilo\u021bi de circula\u021bie.<\/p>\n\n\n\n<p><strong><em>Conduc\u0103torii auto sunt sf\u0103tui\u021bi s\u0103 respecte semnifica\u021bia semnaliz\u0103rii instituite temporar, circul\u00e2nd cu viteza adaptat\u0103 condi\u021biilor de trafic \u0219i de drum.<\/em><\/strong><\/p>\n","protected":false},"excerpt":{"rendered":"<p>SITUA\u0162IA TRAFICULUI LA ORA 07:00 Centrul INFOTRAFIC din Inspectoratul General al Poli\u021biei Rom\u00e2ne&nbsp;informeaz\u0103 c\u0103, la aceast\u0103 or\u0103, nu sunt semnalate<\/p>\n","protected":false},"author":1,"featured_media":38224,"comment_status":"closed","ping_status":"closed","sticky":false,"template":"","format":"standard","meta":{"spay_email":"","footnotes":"","jetpack_publicize_message":""},"categories":[54],"tags":[],"class_list":["post-70689","post","type-post","status-publish","format-standard","has-post-thumbnail","hentry","category-informatii-rutiere"],"jetpack_featured_media_url":"https:\/\/i1.wp.com\/realitatearutiera.ro\/wp-content\/uploads\/2018\/07\/infotrafic.jpg?fit=425%2C425&ssl=1","jetpack_publicize_connections":[],"jetpack_sharing_enabled":true,"jetpack_shortlink":"https:\/\/wp.me\/p61naM-io9","jetpack-related-posts":[],"_links":{"self":[{"href":"https:\/\/realitatearutiera.ro\/index.php?rest_route=\/wp\/v2\/posts\/70689","targetHints":{"allow":["GET"]}}],"collection":[{"href":"https:\/\/realitatearutiera.ro\/index.php?rest_route=\/wp\/v2\/posts"}],"about":[{"href":"https:\/\/realitatearutiera.ro\/index.php?rest_route=\/wp\/v2\/types\/post"}],"author":[{"embeddable":true,"href":"https:\/\/realitatearutiera.ro\/index.php?rest_route=\/wp\/v2\/users\/1"}],"replies":[{"embeddable":true,"href":"https:\/\/realitatearutiera.ro\/index.php?rest_route=%2Fwp%2Fv2%2Fcomments&post=70689"}],"version-history":[{"count":1,"href":"https:\/\/realitatearutiera.ro\/index.php?rest_route=\/wp\/v2\/posts\/70689\/revisions"}],"predecessor-version":[{"id":70690,"href":"https:\/\/realitatearutiera.ro\/index.php?rest_route=\/wp\/v2\/posts\/70689\/revisions\/70690"}],"wp:featuredmedia":[{"embeddable":true,"href":"https:\/\/realitatearutiera.ro\/index.php?rest_route=\/wp\/v2\/media\/38224"}],"wp:attachment":[{"href":"https:\/\/realitatearutiera.ro\/index.php?rest_route=%2Fwp%2Fv2%2Fmedia&parent=70689"}],"wp:term":[{"taxonomy":"category","embeddable":true,"href":"https:\/\/realitatearutiera.ro\/index.php?rest_route=%2Fwp%2Fv2%2Fcategories&post=70689"},{"taxonomy":"post_tag","embeddable":true,"href":"https:\/\/realitatearutiera.ro\/index.php?rest_route=%2Fwp%2Fv2%2Ftags&post=70689"}],"curies":[{"name":"wp","href":"https:\/\/api.w.org\/{rel}","templated":true}]}}