{"id":71131,"date":"2020-11-24T10:19:05","date_gmt":"2020-11-24T08:19:05","guid":{"rendered":"http:\/\/realitatearutiera.ro\/?p=71131"},"modified":"2020-11-24T10:19:08","modified_gmt":"2020-11-24T08:19:08","slug":"restrictii-ridicate-in-doua-tari-europene","status":"publish","type":"post","link":"https:\/\/realitatearutiera.ro\/?p=71131","title":{"rendered":"Restric\u021bii ridicate \u00een dou\u0103 \u021b\u0103ri europene."},"content":{"rendered":"\n<p>Spania este prima \u021bar\u0103 care sparge ghea\u021ba ridic\u0103rii restric\u021biilor, dup\u0103 c\u00e2teva s\u0103pt\u0103m\u00e2ni de m\u0103suri pentru combaterea epidemiei de coronavirus. Fran\u021ba \u00eencepe \u0219i ea s\u0103 ridice unele restric\u021bii. Astfel, cei 5 milioane de locuitori din Barcelona, dar \u0219i turi\u0219tii au motive de bucurie.<\/p>\n\n\n\n<p>\u00cen Barcelona, ast\u0103zi a fost ziua \u00een care barurile \u015fi restaurantele din capitala regiunii spaniole Catalonia au fost redeschise \u00een urma unei decizii de relaxare treptat\u0103 a restric\u0163iilor impuse din cauza pandemiei de coronavirus, informeaz\u0103 Reuters, citat de&nbsp;<a href=\"https:\/\/www.agerpres.ro\/social-ex\/2020\/11\/23\/coronavirus-barurile-din-barcelona-au-fost-redeschise-dupa-o-pauza-de-cinci-saptamani--614858\">Agerpres<\/a>.<\/p>\n\n\n\n<p>\u00cenc\u0103 de la primele ore ale dimine\u021bii, furnizorii catalani puteau fi v\u0103zu\u021bi \u00eemping\u00e2nd la c\u0103rucioarele cu articole de b\u0103c\u0103nie. \u00cen paralel, angaja\u0163ii purt\u00e2nd m\u0103\u015fti sanitare a\u015fezau mesele de pe terasele barurilor \u015fi din interiorul restaurantelor la distan\u0163a regulamentar\u0103, pe m\u0103sur\u0103 ce clien\u0163ii comandau cafea \u015fi cornuri.<\/p>\n\n\n\n<p>\u201eOamenii din cartier se bucur\u0103 s\u0103 vad\u0103 c\u0103 barurile au fost redeschise, ne \u00eentrebau \u00een fiecare zi despre acest moment \u015fi a\u015fteptau cu ner\u0103bdare ziua de luni\u201d, a declarat Eduardo de Vincenzo, proprietarul \u00een v\u00e2rst\u0103 de 68 de ani al unui restaurant local<\/p>\n\n\n\n<p>Catalonia a fost prima regiune spaniol\u0103 care a decis \u00eenchiderea complet\u0103 a barurilor \u015fi a restaurantelor sale \u00een timpul celui de-al doilea val al pandemiei de&nbsp;<a href=\"https:\/\/www.capital.ro\/discutiile-legate-de-brexit-intrerupte-de-covid-ue-oscileaza-intre-un-pact-minim-si-o-ruptura-totala.html\">COVID-19<\/a>, la jum\u0103tatea lunii octombrie \u015fi, totodat\u0103, prima regiune spaniol\u0103 care a redeschis aceste stabilimente pe m\u0103sur\u0103 ce rata de infectare a sc\u0103zut. Catalonia \u015fi-a redeschis de asemenea teatrele, cinematografele, s\u0103lile de concerte \u015fi arenele sportive \u00een aer liber, cu respectarea unui grad de ocupare de cel mult 50%.<\/p>\n\n\n\n<p>Cu toate c\u0103 deschiderea barurilor \u0219i restaurantelor este o veste bun\u0103, proprietarii catalani nu se declar\u0103 prea optimi\u015fti, \u00een special din cauza faptului c\u0103 localurile lor trebuie \u00een continuare s\u0103 se \u00eenchid\u0103 la ora local\u0103 21:30.<\/p>\n\n\n\n<p>\u201eE foarte greu, pentru c\u0103 avem de pl\u0103tit taxe, trebuie s\u0103 pl\u0103tim totul, apoi mai avem \u015fi datorii. \u00cenainte, nu datoram nimic, dar acum dator\u0103m bani. Este trista realitate \u015fi cred c\u0103 asta se \u00eent\u00e2mpl\u0103 pe \u00eentreaga planet\u0103\u201d, a ad\u0103ugat Eduardo de Vincenzo.<\/p>\n\n\n\n<p>Susana Rubio, managerul unei alte cafenele din Barcelona, spune c\u0103 \u00eenchiderea acestui sector a avut un impact negativ asupra veniturilor tuturor angaja\u0163ilor \u015fi ea se a\u015fteapt\u0103 ca afacerile de profil s\u0103 aib\u0103 de suferit pentru \u00eenc\u0103 o anumit\u0103 perioad\u0103, dup\u0103 ce pandemia de coronavirus a afectat grav turismul din Spania, care ocup\u0103 locul al doilea \u00een clasamentul celor mai vizitate \u0163\u0103ri din lume.<\/p>\n\n\n\n<p><a href=\"https:\/\/www.capital.ro\/7-mii-de-migranti-din-insulele-canare-vor-putea-merge-in-spania-guvernul-a-promis-ca-va-construi-tabere.html\">Spania<\/a>, care a raportat peste 1,55 milioane de cazuri de COVID-19 \u2013 al doilea bilan\u0163 din Europa dup\u0103 Fran\u0163a \u2013 \u015fi 42.619 de decese, a decretat stare de urgen\u0163\u0103 pentru \u015fase luni la sf\u00e2r\u015fitul lunii octombrie.<\/p>\n\n\n\n<p>sursa: capital.ro<\/p>\n","protected":false},"excerpt":{"rendered":"<p>Spania este prima \u021bar\u0103 care sparge ghea\u021ba ridic\u0103rii restric\u021biilor, dup\u0103 c\u00e2teva s\u0103pt\u0103m\u00e2ni de m\u0103suri pentru combaterea epidemiei de coronavirus. Fran\u021ba<\/p>\n","protected":false},"author":1,"featured_media":71132,"comment_status":"closed","ping_status":"closed","sticky":false,"template":"","format":"standard","meta":{"spay_email":"","footnotes":"","jetpack_publicize_message":""},"categories":[12],"tags":[],"class_list":["post-71131","post","type-post","status-publish","format-standard","has-post-thumbnail","hentry","category-stiri-internationale"],"jetpack_featured_media_url":"https:\/\/i2.wp.com\/realitatearutiera.ro\/wp-content\/uploads\/2020\/11\/p08qtwgm.jpg?fit=1920%2C1080&ssl=1","jetpack_publicize_connections":[],"jetpack_sharing_enabled":true,"jetpack_shortlink":"https:\/\/wp.me\/p61naM-ivh","jetpack-related-posts":[],"_links":{"self":[{"href":"https:\/\/realitatearutiera.ro\/index.php?rest_route=\/wp\/v2\/posts\/71131","targetHints":{"allow":["GET"]}}],"collection":[{"href":"https:\/\/realitatearutiera.ro\/index.php?rest_route=\/wp\/v2\/posts"}],"about":[{"href":"https:\/\/realitatearutiera.ro\/index.php?rest_route=\/wp\/v2\/types\/post"}],"author":[{"embeddable":true,"href":"https:\/\/realitatearutiera.ro\/index.php?rest_route=\/wp\/v2\/users\/1"}],"replies":[{"embeddable":true,"href":"https:\/\/realitatearutiera.ro\/index.php?rest_route=%2Fwp%2Fv2%2Fcomments&post=71131"}],"version-history":[{"count":1,"href":"https:\/\/realitatearutiera.ro\/index.php?rest_route=\/wp\/v2\/posts\/71131\/revisions"}],"predecessor-version":[{"id":71133,"href":"https:\/\/realitatearutiera.ro\/index.php?rest_route=\/wp\/v2\/posts\/71131\/revisions\/71133"}],"wp:featuredmedia":[{"embeddable":true,"href":"https:\/\/realitatearutiera.ro\/index.php?rest_route=\/wp\/v2\/media\/71132"}],"wp:attachment":[{"href":"https:\/\/realitatearutiera.ro\/index.php?rest_route=%2Fwp%2Fv2%2Fmedia&parent=71131"}],"wp:term":[{"taxonomy":"category","embeddable":true,"href":"https:\/\/realitatearutiera.ro\/index.php?rest_route=%2Fwp%2Fv2%2Fcategories&post=71131"},{"taxonomy":"post_tag","embeddable":true,"href":"https:\/\/realitatearutiera.ro\/index.php?rest_route=%2Fwp%2Fv2%2Ftags&post=71131"}],"curies":[{"name":"wp","href":"https:\/\/api.w.org\/{rel}","templated":true}]}}