{"id":71150,"date":"2020-11-24T12:54:58","date_gmt":"2020-11-24T10:54:58","guid":{"rendered":"http:\/\/realitatearutiera.ro\/?p=71150"},"modified":"2020-11-24T12:55:01","modified_gmt":"2020-11-24T10:55:01","slug":"circulatie-restrictionata-pe-autostrada-a1-sibiu-deva-2","status":"publish","type":"post","link":"https:\/\/realitatearutiera.ro\/?p=71150","title":{"rendered":"CIRCULA\u021aIE RESTRIC\u021aIONAT\u0102 PE AUTOSTRADA A1 SIBIU-DEVA"},"content":{"rendered":"\n<p><strong>Centrul INFOTRAFIC din Inspectoratul General al Poli\u0163iei Rom\u00e2ne&nbsp;<\/strong>informeaz\u0103 c\u0103 pe autostrada A1 Sibiu-Deva, ast\u0103zi p\u00e2n\u0103 \u00een jurul orei 16:30, din cauza unor lucr\u0103ri de refacere a suprafe\u021bei de rulare, se vor institui restric\u021bric\u021bii dupa cum urmeaz\u0103;<\/p>\n\n\n\n<ul class=\"wp-block-list\"><li>pe ambele sensuri de mers, intre km 264+400m &#8211; 264+100m se restrictioneaza banda de urgen\u021b\u0103 pentru repara\u021bii tunel. Intre localit\u0103\u021bile Saliste si Cristian jud. Sibiu. \u00centre orele 08:30-17:30;<\/li><\/ul>\n\n\n\n<ul class=\"wp-block-list\"><li>pe sensul de mers Deva-Sibiu, \u00eentre km 262+400m &#8211; 261+700 m, se restrictioneaz\u0103 banda de urgen\u021b\u0103 \u0219i banda 1(localitatea Cristian, jud Sibiu);<\/li><\/ul>\n\n\n\n<ul class=\"wp-block-list\"><li>sensul de mers Deva-Sibiu, \u00eentre km 291-289, se restric\u021bioneaz\u0103 banda de urgen\u021b\u0103 \u0219i banda 1(localitatea Miercurea Sibiului, jud Sibiu);<\/li><\/ul>\n\n\n\n<ul class=\"wp-block-list\"><li>sensul de mers Sibiu-Deva, se restric\u021bioneaza banda de urgen\u021b\u0103 \u0219i banda 1, \u00eencep\u00e2nd cu ora 11:00, timp de 10 minute, pentru efectuarea unei expertize, zona mun. Sebe\u0219, jud Alba;<\/li><\/ul>\n\n\n\n<ul class=\"wp-block-list\"><li>sensul de mers Sibiu-Deva, intre km 275-275+600m, se restric\u021bioneaz\u0103 banda 2 pentru repara\u021bii parapet median, \u00eentre localit\u0103\u021bile S\u0103li\u0219te \u0219i Apoldu, jud Sibiu.<\/li><\/ul>\n","protected":false},"excerpt":{"rendered":"<p>Centrul INFOTRAFIC din Inspectoratul General al Poli\u0163iei Rom\u00e2ne&nbsp;informeaz\u0103 c\u0103 pe autostrada A1 Sibiu-Deva, ast\u0103zi p\u00e2n\u0103 \u00een jurul orei 16:30, din<\/p>\n","protected":false},"author":1,"featured_media":27311,"comment_status":"closed","ping_status":"closed","sticky":false,"template":"","format":"standard","meta":{"spay_email":"","footnotes":"","jetpack_publicize_message":""},"categories":[54],"tags":[],"class_list":["post-71150","post","type-post","status-publish","format-standard","has-post-thumbnail","hentry","category-informatii-rutiere"],"jetpack_featured_media_url":"https:\/\/i2.wp.com\/realitatearutiera.ro\/wp-content\/uploads\/2017\/09\/infotrafic.jpg?fit=630%2C365&ssl=1","jetpack_publicize_connections":[],"jetpack_sharing_enabled":true,"jetpack_shortlink":"https:\/\/wp.me\/p61naM-ivA","jetpack-related-posts":[],"_links":{"self":[{"href":"https:\/\/realitatearutiera.ro\/index.php?rest_route=\/wp\/v2\/posts\/71150","targetHints":{"allow":["GET"]}}],"collection":[{"href":"https:\/\/realitatearutiera.ro\/index.php?rest_route=\/wp\/v2\/posts"}],"about":[{"href":"https:\/\/realitatearutiera.ro\/index.php?rest_route=\/wp\/v2\/types\/post"}],"author":[{"embeddable":true,"href":"https:\/\/realitatearutiera.ro\/index.php?rest_route=\/wp\/v2\/users\/1"}],"replies":[{"embeddable":true,"href":"https:\/\/realitatearutiera.ro\/index.php?rest_route=%2Fwp%2Fv2%2Fcomments&post=71150"}],"version-history":[{"count":1,"href":"https:\/\/realitatearutiera.ro\/index.php?rest_route=\/wp\/v2\/posts\/71150\/revisions"}],"predecessor-version":[{"id":71151,"href":"https:\/\/realitatearutiera.ro\/index.php?rest_route=\/wp\/v2\/posts\/71150\/revisions\/71151"}],"wp:featuredmedia":[{"embeddable":true,"href":"https:\/\/realitatearutiera.ro\/index.php?rest_route=\/wp\/v2\/media\/27311"}],"wp:attachment":[{"href":"https:\/\/realitatearutiera.ro\/index.php?rest_route=%2Fwp%2Fv2%2Fmedia&parent=71150"}],"wp:term":[{"taxonomy":"category","embeddable":true,"href":"https:\/\/realitatearutiera.ro\/index.php?rest_route=%2Fwp%2Fv2%2Fcategories&post=71150"},{"taxonomy":"post_tag","embeddable":true,"href":"https:\/\/realitatearutiera.ro\/index.php?rest_route=%2Fwp%2Fv2%2Ftags&post=71150"}],"curies":[{"name":"wp","href":"https:\/\/api.w.org\/{rel}","templated":true}]}}