{"id":71350,"date":"2020-12-02T11:04:55","date_gmt":"2020-12-02T09:04:55","guid":{"rendered":"http:\/\/realitatearutiera.ro\/?p=71350"},"modified":"2020-12-02T11:04:58","modified_gmt":"2020-12-02T09:04:58","slug":"influencer-celebru-arestat-dupa-ce-si-a-aruncat-bmw-ul-in-rau","status":"publish","type":"post","link":"https:\/\/realitatearutiera.ro\/?p=71350","title":{"rendered":"Influencer celebru arestat dup\u0103 ce \u0219i-a aruncat BMW-ul \u00een r\u00e2u"},"content":{"rendered":"\n<p>Un influencer celebru din Marea Britanie a fost arestat \u00een Spania dup\u0103 ce \u0219i-a aruncat BMW-ul \u00een albia unui r\u00e2u secat. Trec\u0103torii care au v\u0103zut ce a f\u0103cut au alertat poli\u021bia.<\/p>\n\n\n\n<p>Imaginile postate de influencer sunt dovada distrac\u021biei absurde. Ryan Taylor, \u00een v\u00e2rst\u0103 de27 de ani, apare \u00een clip al\u0103turi de prietenii s\u0103i, la bordul unui&nbsp;<a href=\"https:\/\/www.promotor.ro\/stiri-auto\/un-bmw-m3-e46-din-2003-s-a-vandut-la-un-pret-fabulos-galerie-foto-18250910\" target=\"_blank\" rel=\"noreferrer noopener\">BMW Seria 3 E46<\/a>. El pleac\u0103 la drum dup\u0103 ce a \u00eendoit capota \u0219i acoperi\u0219ul \u0219i a spart o oglind\u0103, al\u0103turi de amicii s\u0103i, \u00eentr-o demonstra\u021bie de cascadorii \u00een parcare.<\/p>\n\n\n\n<p>Face derapaje controlate \u00een viraje cu ma\u0219ina cu volan pe dreapta pe \u0219osele pe care se conduce pe partea dreapt\u0103. Deschide portiera \u00een mers, special ca s\u0103 o loveasc\u0103 de st\u00e2lpii de pe marginea drumului. Abordeaz\u0103 denivel\u0103rile cu o vitez\u0103 at\u00e2t de mare, \u00eenc\u00e2t se poate observa cum ro\u021bile ma\u0219inii se desprind de pe sol.<\/p>\n\n\n\n<p>Mai mult, la un moment dat, un t\u00e2n\u0103r apare pe capot\u0103 \u00een timp ce ma\u0219ina se afl\u0103 \u00een mers. Nimeni nu poart\u0103 centura de siguran\u021b\u0103, to\u021bi filmeaz\u0103 aventura, se lovesc de montan\u021bii ma\u0219inii \u0219i se amuz\u0103. Distrac\u021bia ia sf\u00e2r\u0219it atunci c\u00e2nd BMW-ul nu mai func\u021bioneaz\u0103.<\/p>\n\n\n\n<p>La finalul montajului postat pe YouTube, sunt imaginile \u00een care Ryan Taylor \u0219i prietenii s\u0103i \u00eemping BMW-ul \u00eentr-o albie de r\u00e2u. \u00cei iau pl\u0103cu\u021bele de \u00eenmatriculare \u0219i fug de la locul faptei. \u00cen aceea\u0219i filmare sunt redate \u0219i momentele \u00een care, \u00eentr-o noapte, poli\u021bia le sun\u0103 la u\u0219a apartamentului \u00eenchiriat \u00een Marbella.<\/p>\n\n\n\n<h3 class=\"wp-block-heading\">Poli\u021bia i-a b\u0103tut noaptea la u\u0219\u0103 celebrului influencer<\/h3>\n\n\n\n<p>Poli\u021bia spaniol\u0103&nbsp;<a href=\"https:\/\/www.promotor.ro\/stiri-auto\/un-influencer-a-fost-arestat-dupa-ce-a-produs-un-accident-cu-lamborghini-aventador-video-18769513\" target=\"_blank\" rel=\"noreferrer noopener\">l-a arestat<\/a>&nbsp;pe proprietarul ma\u0219inii. Autorit\u0103\u021bile au localizat ma\u0219ina abandonat\u0103. Urmeaz\u0103 s\u0103 o recupereze pentru a o duce la fier vechi, elimin\u00e2nd astfel sursa de poluare.<\/p>\n\n\n\n<p>Poli\u021bi\u0219tii spun c\u0103 Taylor a pus \u00een pericol siguran\u021ba altor participan\u021bi la trafic, a poluat mediul \u0219i a f\u0103cut uz de fals. Se pare c\u0103 pe t\u00e2n\u0103rul britanic arestat \u00een Spania nu \u00eel afecteaz\u0103 foarte mult faptul c\u0103 se afl\u0103 \u00een custodia autorit\u0103\u021bilor. Pe conturile sale de socializare apar \u00een continuare imagini.<\/p>\n\n\n\n<p>BMW-ul aruncat \u00een albia unui r\u00e2u nu e singura ma\u0219in\u0103 a t\u00e2n\u0103rului. Iar aceasta nu este prima dat\u0103 Taylor a avut de-a face cu poli\u021bia.<\/p>\n\n\n\n<p>sursa: promotor.ro<\/p>\n","protected":false},"excerpt":{"rendered":"<p>Un influencer celebru din Marea Britanie a fost arestat \u00een Spania dup\u0103 ce \u0219i-a aruncat BMW-ul \u00een albia unui r\u00e2u<\/p>\n","protected":false},"author":1,"featured_media":71351,"comment_status":"closed","ping_status":"closed","sticky":false,"template":"","format":"standard","meta":{"spay_email":"","footnotes":"","jetpack_publicize_message":""},"categories":[11],"tags":[],"class_list":["post-71350","post","type-post","status-publish","format-standard","has-post-thumbnail","hentry","category-stiri-interne"],"jetpack_featured_media_url":"https:\/\/i1.wp.com\/realitatearutiera.ro\/wp-content\/uploads\/2020\/12\/BMW-E46-aruncat-in-rau-influencer-arestat-8.jpg?fit=1320%2C700&ssl=1","jetpack_publicize_connections":[],"jetpack_sharing_enabled":true,"jetpack_shortlink":"https:\/\/wp.me\/p61naM-iyO","jetpack-related-posts":[],"_links":{"self":[{"href":"https:\/\/realitatearutiera.ro\/index.php?rest_route=\/wp\/v2\/posts\/71350","targetHints":{"allow":["GET"]}}],"collection":[{"href":"https:\/\/realitatearutiera.ro\/index.php?rest_route=\/wp\/v2\/posts"}],"about":[{"href":"https:\/\/realitatearutiera.ro\/index.php?rest_route=\/wp\/v2\/types\/post"}],"author":[{"embeddable":true,"href":"https:\/\/realitatearutiera.ro\/index.php?rest_route=\/wp\/v2\/users\/1"}],"replies":[{"embeddable":true,"href":"https:\/\/realitatearutiera.ro\/index.php?rest_route=%2Fwp%2Fv2%2Fcomments&post=71350"}],"version-history":[{"count":1,"href":"https:\/\/realitatearutiera.ro\/index.php?rest_route=\/wp\/v2\/posts\/71350\/revisions"}],"predecessor-version":[{"id":71352,"href":"https:\/\/realitatearutiera.ro\/index.php?rest_route=\/wp\/v2\/posts\/71350\/revisions\/71352"}],"wp:featuredmedia":[{"embeddable":true,"href":"https:\/\/realitatearutiera.ro\/index.php?rest_route=\/wp\/v2\/media\/71351"}],"wp:attachment":[{"href":"https:\/\/realitatearutiera.ro\/index.php?rest_route=%2Fwp%2Fv2%2Fmedia&parent=71350"}],"wp:term":[{"taxonomy":"category","embeddable":true,"href":"https:\/\/realitatearutiera.ro\/index.php?rest_route=%2Fwp%2Fv2%2Fcategories&post=71350"},{"taxonomy":"post_tag","embeddable":true,"href":"https:\/\/realitatearutiera.ro\/index.php?rest_route=%2Fwp%2Fv2%2Ftags&post=71350"}],"curies":[{"name":"wp","href":"https:\/\/api.w.org\/{rel}","templated":true}]}}