{"id":71413,"date":"2020-12-03T13:16:31","date_gmt":"2020-12-03T11:16:31","guid":{"rendered":"http:\/\/realitatearutiera.ro\/?p=71413"},"modified":"2020-12-03T13:16:35","modified_gmt":"2020-12-03T11:16:35","slug":"o-plimbare-cu-masina-pe-primul-tronson-de-autostrada-din-moldova","status":"publish","type":"post","link":"https:\/\/realitatearutiera.ro\/?p=71413","title":{"rendered":"O plimbare cu ma\u0219ina pe primul tronson de autostrad\u0103 din Moldova"},"content":{"rendered":"\n<p><strong>Cei circa 16 km din autostrada A7 care au rolul \u0219i de centur\u0103 a Bac\u0103ului pe partea de est au fost da\u021bi \u00een trafic miercuri, 2 decembrie, cu peste un an mai devreme fa\u021b\u0103 de termenul contractual. Circula\u021bia a fost deschis\u0103 cu restric\u021bii de vitez\u0103 deoarece constructorul \u00eenc\u0103 mai are lucr\u0103ri de finalizat \u0219i de montat unele parapete, glisiere, panouri fonoabsorbante, precum \u0219i unele rosturi de dilata\u021bia, iar nodul rutier cu DN2F nu a fost \u00eenc\u0103 deschis. Deschiderea circula\u021biei pe A7 nu a fost, \u00eens\u0103, lipsit\u0103 de incidente.<\/strong><\/p>\n\n\n\n<p>\u201eMai sunt lucr\u0103ri minore de executat. \u00cen dou\u0103-trei s\u0103pt\u0103m\u00e2ni vor fi finalizate\u201d, a declarat \u0219efa de la Autostr\u0103zi, Mariana Ioni\u021b\u0103, \u00eentr-un interviu HotNEws.ro LIVE.<\/p>\n\n\n\n<p>Imediat dup\u0103 deschiderea circula\u021biei, \u00een jurul orei 17.00-18.00 \u00een ziua de miercuri 2 decembrie, mul\u021bi \u0219oferi deja au intrat pe noua centur\u0103, iar traficul prin Bac\u0103u s-a diminuat sim\u021bitor.<\/p>\n\n\n\n<p>Deschiderea circula\u021biei&nbsp;<a href=\"http:\/\/forum.peundemerg.ro\/index.php?topic=58.5505\">nu a fost lipsit\u0103 de incidente<\/a>, \u00eens\u0103. Dup\u0103 cum relateaz\u0103 utilizatorii forumului peundemerg.ro pe podul de la Ru\u0219i-Ciutea nu au fost montate \u00eenc\u0103 unele rosturi de dilata\u021bie, dar asfaltul a fost deja t\u0103iat pentru aceast\u0103 opera\u021biune, iar din cauza traficului a \u00eenceput deja s\u0103 se crape \u0219i s\u0103 sar\u0103 buc\u0103\u021bi din el.<\/p>\n\n\n\n<p>Aceia\u0219i utilizatori ai forumului au \u0219i realizat \u0219i a publicat un tur video din ma\u0219in\u0103 cu por\u021biunea de autostrad\u0103 A7 cu rol de centur\u0103 a Bac\u0103ului.<\/p>\n\n\n\n<figure class=\"wp-block-embed-youtube wp-block-embed is-type-video is-provider-youtube wp-embed-aspect-16-9 wp-has-aspect-ratio\"><div class=\"wp-block-embed__wrapper\">\n<span class=\"embed-youtube\" style=\"text-align:center; display: block;\"><iframe class='youtube-player' width='800' height='450' src='https:\/\/www.youtube.com\/embed\/wjPbo9oaFQM?version=3&#038;rel=1&#038;fs=1&#038;autohide=2&#038;showsearch=0&#038;showinfo=1&#038;iv_load_policy=1&#038;wmode=transparent' allowfullscreen='true' style='border:0;'><\/iframe><\/span>\n<\/div><\/figure>\n\n\n\n<p>sursa: hotnews.ro<\/p>\n","protected":false},"excerpt":{"rendered":"<p>Cei circa 16 km din autostrada A7 care au rolul \u0219i de centur\u0103 a Bac\u0103ului pe partea de est au<\/p>\n","protected":false},"author":1,"featured_media":37124,"comment_status":"closed","ping_status":"closed","sticky":false,"template":"","format":"standard","meta":{"spay_email":"","footnotes":"","jetpack_publicize_message":""},"categories":[54],"tags":[],"class_list":["post-71413","post","type-post","status-publish","format-standard","has-post-thumbnail","hentry","category-informatii-rutiere"],"jetpack_featured_media_url":"https:\/\/i0.wp.com\/realitatearutiera.ro\/wp-content\/uploads\/2018\/06\/autostrada_bucuresti_ploiesti_4_59427700_92088200.jpg?fit=620%2C350&ssl=1","jetpack_publicize_connections":[],"jetpack_sharing_enabled":true,"jetpack_shortlink":"https:\/\/wp.me\/p61naM-izP","jetpack-related-posts":[],"_links":{"self":[{"href":"https:\/\/realitatearutiera.ro\/index.php?rest_route=\/wp\/v2\/posts\/71413","targetHints":{"allow":["GET"]}}],"collection":[{"href":"https:\/\/realitatearutiera.ro\/index.php?rest_route=\/wp\/v2\/posts"}],"about":[{"href":"https:\/\/realitatearutiera.ro\/index.php?rest_route=\/wp\/v2\/types\/post"}],"author":[{"embeddable":true,"href":"https:\/\/realitatearutiera.ro\/index.php?rest_route=\/wp\/v2\/users\/1"}],"replies":[{"embeddable":true,"href":"https:\/\/realitatearutiera.ro\/index.php?rest_route=%2Fwp%2Fv2%2Fcomments&post=71413"}],"version-history":[{"count":1,"href":"https:\/\/realitatearutiera.ro\/index.php?rest_route=\/wp\/v2\/posts\/71413\/revisions"}],"predecessor-version":[{"id":71414,"href":"https:\/\/realitatearutiera.ro\/index.php?rest_route=\/wp\/v2\/posts\/71413\/revisions\/71414"}],"wp:featuredmedia":[{"embeddable":true,"href":"https:\/\/realitatearutiera.ro\/index.php?rest_route=\/wp\/v2\/media\/37124"}],"wp:attachment":[{"href":"https:\/\/realitatearutiera.ro\/index.php?rest_route=%2Fwp%2Fv2%2Fmedia&parent=71413"}],"wp:term":[{"taxonomy":"category","embeddable":true,"href":"https:\/\/realitatearutiera.ro\/index.php?rest_route=%2Fwp%2Fv2%2Fcategories&post=71413"},{"taxonomy":"post_tag","embeddable":true,"href":"https:\/\/realitatearutiera.ro\/index.php?rest_route=%2Fwp%2Fv2%2Ftags&post=71413"}],"curies":[{"name":"wp","href":"https:\/\/api.w.org\/{rel}","templated":true}]}}