{"id":71580,"date":"2020-12-09T11:59:31","date_gmt":"2020-12-09T09:59:31","guid":{"rendered":"http:\/\/realitatearutiera.ro\/?p=71580"},"modified":"2020-12-09T11:59:35","modified_gmt":"2020-12-09T09:59:35","slug":"atentie-soferi-restrictii-temporare-de-trafic-in-intersectia-sos-stefan-cel-mare-calea-floreasca","status":"publish","type":"post","link":"https:\/\/realitatearutiera.ro\/?p=71580","title":{"rendered":"Aten\u021bie \u0219oferi: Restric\u021bii temporare de trafic \u00een intersec\u021bia sos. \u0218tefan cel Mare-Calea Floreasca"},"content":{"rendered":"\n<p><strong><em>Restric\u021bii temporare de trafic se vor institui \u00een intersec\u021bia So\u0219. \u0218tefan cel Mare-Calea Floreasca, sensul de c\u0103tre Pia\u021ba Victoriei, timp de dou\u0103 zile, pentru remedierea unei avarii la re\u021beaua de distribu\u021bie a gazelor naturale, anun\u021b\u0103 Brigada Rutier\u0103.<\/em><\/strong><\/p>\n\n\n\n<p>Brigada Rutier\u0103 a fost informat\u0103 de c\u0103tre Distrigaz Sud Re\u021bele cu privire la faptul c\u0103 \u00een intersec\u021bia \u0218os. \u0218tefan cel Mare-Calea Floreasca, sensul de c\u0103tre Pia\u021ba Victoriei, vor fi instituite restric\u021bii temporare de trafic pe o durata de 48h \u00een vederea remedierii unei avarii la re\u021beaua de distribu\u021bie a gazelor naturale.<\/p>\n\n\n\n<p>Brigada Rutier\u0103 le cere \u0219oferilor s\u0103 circule cu pruden\u0163\u0103, s\u0103 respecte semnifica\u0163ia indicatoarelor rutiere montate temporar \u00een zon\u0103, precum \u015fi semnalele poli\u0163i\u015ftilor rutieri.<\/p>\n\n\n\n<p>\u201ePietonii au obliga\u0163ia s\u0103 circule numai pe trotuare, s\u0103 traverseze strada prin locurile special amenajate \u015fi semnalizate sau la culoarea verde a semaforului electric, dup\u0103 o temeinic\u0103 asigurare \u015fi s\u0103 nu sta\u0163ioneze pe partea carosabil\u0103\u201d, aten\u021bioneaz\u0103 poli\u021bi\u0219tii.<\/p>\n","protected":false},"excerpt":{"rendered":"<p>Restric\u021bii temporare de trafic se vor institui \u00een intersec\u021bia So\u0219. \u0218tefan cel Mare-Calea Floreasca, sensul de c\u0103tre Pia\u021ba Victoriei, timp<\/p>\n","protected":false},"author":1,"featured_media":27311,"comment_status":"closed","ping_status":"closed","sticky":false,"template":"","format":"standard","meta":{"spay_email":"","footnotes":"","jetpack_publicize_message":""},"categories":[6],"tags":[],"class_list":["post-71580","post","type-post","status-publish","format-standard","has-post-thumbnail","hentry","category-social"],"jetpack_featured_media_url":"https:\/\/i2.wp.com\/realitatearutiera.ro\/wp-content\/uploads\/2017\/09\/infotrafic.jpg?fit=630%2C365&ssl=1","jetpack_publicize_connections":[],"jetpack_sharing_enabled":true,"jetpack_shortlink":"https:\/\/wp.me\/p61naM-iCw","jetpack-related-posts":[],"_links":{"self":[{"href":"https:\/\/realitatearutiera.ro\/index.php?rest_route=\/wp\/v2\/posts\/71580","targetHints":{"allow":["GET"]}}],"collection":[{"href":"https:\/\/realitatearutiera.ro\/index.php?rest_route=\/wp\/v2\/posts"}],"about":[{"href":"https:\/\/realitatearutiera.ro\/index.php?rest_route=\/wp\/v2\/types\/post"}],"author":[{"embeddable":true,"href":"https:\/\/realitatearutiera.ro\/index.php?rest_route=\/wp\/v2\/users\/1"}],"replies":[{"embeddable":true,"href":"https:\/\/realitatearutiera.ro\/index.php?rest_route=%2Fwp%2Fv2%2Fcomments&post=71580"}],"version-history":[{"count":1,"href":"https:\/\/realitatearutiera.ro\/index.php?rest_route=\/wp\/v2\/posts\/71580\/revisions"}],"predecessor-version":[{"id":71581,"href":"https:\/\/realitatearutiera.ro\/index.php?rest_route=\/wp\/v2\/posts\/71580\/revisions\/71581"}],"wp:featuredmedia":[{"embeddable":true,"href":"https:\/\/realitatearutiera.ro\/index.php?rest_route=\/wp\/v2\/media\/27311"}],"wp:attachment":[{"href":"https:\/\/realitatearutiera.ro\/index.php?rest_route=%2Fwp%2Fv2%2Fmedia&parent=71580"}],"wp:term":[{"taxonomy":"category","embeddable":true,"href":"https:\/\/realitatearutiera.ro\/index.php?rest_route=%2Fwp%2Fv2%2Fcategories&post=71580"},{"taxonomy":"post_tag","embeddable":true,"href":"https:\/\/realitatearutiera.ro\/index.php?rest_route=%2Fwp%2Fv2%2Ftags&post=71580"}],"curies":[{"name":"wp","href":"https:\/\/api.w.org\/{rel}","templated":true}]}}