{"id":72226,"date":"2021-01-04T09:56:20","date_gmt":"2021-01-04T07:56:20","guid":{"rendered":"http:\/\/realitatearutiera.ro\/?p=72226"},"modified":"2021-01-04T09:56:24","modified_gmt":"2021-01-04T07:56:24","slug":"accident-cu-doi-raniti-pe-dn2-in-afara-localitatii-andrasesti","status":"publish","type":"post","link":"https:\/\/realitatearutiera.ro\/?p=72226","title":{"rendered":"Accident cu doi r\u0103ni\u0163i pe DN2, \u00een afara localit\u0103\u0163ii Andr\u0103\u015fe\u015fti"},"content":{"rendered":"\n<p>Dou\u0103 persoane au fost r\u0103nite duminic\u0103, pe DN2, \u00een afara localit\u0103\u0163ii Andr\u0103\u015fe\u015fti, dup\u0103 impactul a dou\u0103 autoturisme. Niciunul dintre conduc\u0103torii auto nu se afla sub infleun\u0163a b\u0103uturilor alcoolice. <\/p>\n\n\n\n<p> Duminic\u0103, 3 ianuarie, \u00een jurul orei 13.30, pe DN 2, \u00een afara localit\u0103\u0163ii Andr\u0103\u015fe\u015fti s-a produs un accident de circula\u0163ie, soldat cu v\u0103t\u0103marea corporal\u0103 a dou\u0103 persoane. \u00a0<\/p>\n\n\n\n<p> Conform IPJ Ialomi\u0163a, din verific\u0103rile efectuate a reie\u015fit c\u0103 \u00een evenimentul rutier au fost implicate 2 autoturisme, care au intrat \u00een coliziune pe DN 2, rezult\u00e2nd v\u0103t\u0103marea corporal\u0103 a dou\u0103 persoane ce au fost transportate la Spitalul Jude\u0163ean de Urgen\u0163\u0103 Slobozia.\u00a0 La fa\u0163a locului au intervenit \u015fi echipaje de la ISU Ialomi\u0163a pentru acordarea primului ajutor r\u0103ni\u0163ilor. <\/p>\n\n\n\n<p>Niciun conduc\u0103tor auto nu se afla sub influen\u0163a alcoolului. Poli\u0163i\u015ftii ialomi\u0163eni continu\u0103 cercet\u0103rile sunt continuate sub aspectul s\u0103v\u00e2r\u015firii infrac\u0163iunii de v\u0103t\u0103mare corporal\u0103 din culp\u0103.<\/p>\n\n\n\n<p>Sursa:adevarul<\/p>\n","protected":false},"excerpt":{"rendered":"<p>Dou\u0103 persoane au fost r\u0103nite duminic\u0103, pe DN2, \u00een afara localit\u0103\u0163ii Andr\u0103\u015fe\u015fti, dup\u0103 impactul a dou\u0103 autoturisme. Niciunul dintre conduc\u0103torii<\/p>\n","protected":false},"author":1,"featured_media":72227,"comment_status":"closed","ping_status":"closed","sticky":false,"template":"","format":"standard","meta":{"spay_email":"","footnotes":"","jetpack_publicize_message":""},"categories":[1],"tags":[],"class_list":["post-72226","post","type-post","status-publish","format-standard","has-post-thumbnail","hentry","category-uncategorized"],"jetpack_featured_media_url":"https:\/\/i1.wp.com\/realitatearutiera.ro\/wp-content\/uploads\/2021\/01\/646x404.jpg?fit=646%2C404&ssl=1","jetpack_publicize_connections":[],"jetpack_sharing_enabled":true,"jetpack_shortlink":"https:\/\/wp.me\/p61naM-iMW","jetpack-related-posts":[],"_links":{"self":[{"href":"https:\/\/realitatearutiera.ro\/index.php?rest_route=\/wp\/v2\/posts\/72226","targetHints":{"allow":["GET"]}}],"collection":[{"href":"https:\/\/realitatearutiera.ro\/index.php?rest_route=\/wp\/v2\/posts"}],"about":[{"href":"https:\/\/realitatearutiera.ro\/index.php?rest_route=\/wp\/v2\/types\/post"}],"author":[{"embeddable":true,"href":"https:\/\/realitatearutiera.ro\/index.php?rest_route=\/wp\/v2\/users\/1"}],"replies":[{"embeddable":true,"href":"https:\/\/realitatearutiera.ro\/index.php?rest_route=%2Fwp%2Fv2%2Fcomments&post=72226"}],"version-history":[{"count":1,"href":"https:\/\/realitatearutiera.ro\/index.php?rest_route=\/wp\/v2\/posts\/72226\/revisions"}],"predecessor-version":[{"id":72228,"href":"https:\/\/realitatearutiera.ro\/index.php?rest_route=\/wp\/v2\/posts\/72226\/revisions\/72228"}],"wp:featuredmedia":[{"embeddable":true,"href":"https:\/\/realitatearutiera.ro\/index.php?rest_route=\/wp\/v2\/media\/72227"}],"wp:attachment":[{"href":"https:\/\/realitatearutiera.ro\/index.php?rest_route=%2Fwp%2Fv2%2Fmedia&parent=72226"}],"wp:term":[{"taxonomy":"category","embeddable":true,"href":"https:\/\/realitatearutiera.ro\/index.php?rest_route=%2Fwp%2Fv2%2Fcategories&post=72226"},{"taxonomy":"post_tag","embeddable":true,"href":"https:\/\/realitatearutiera.ro\/index.php?rest_route=%2Fwp%2Fv2%2Ftags&post=72226"}],"curies":[{"name":"wp","href":"https:\/\/api.w.org\/{rel}","templated":true}]}}