{"id":72552,"date":"2021-01-13T08:25:04","date_gmt":"2021-01-13T06:25:04","guid":{"rendered":"http:\/\/realitatearutiera.ro\/?p=72552"},"modified":"2021-01-13T08:25:09","modified_gmt":"2021-01-13T06:25:09","slug":"accident-in-teleorman-un-barbat-a-intrat-cu-masina-intr-un-copac-de-pe-marginea-carosabilului","status":"publish","type":"post","link":"https:\/\/realitatearutiera.ro\/?p=72552","title":{"rendered":"Accident \u00een Teleorman: Un b\u0103rbat a intrat cu ma\u0219ina \u00eentr-un copac de pe marginea carosabilului"},"content":{"rendered":"\n<h5 class=\"wp-block-heading\">Un accident rutier s-a produs pe DJ 503, \u00eentre localit\u0103\u021bile Mo\u0219teni \u0219i Botoroaga, din Teleorman, \u00een jurul orei 20.00.<\/h5>\n\n\n\n<p>Un autovehicul, condus de un b\u0103rbat de cca. 44 de ani, a intrat \u00eentr-un copac de pe marginea carosabilului, rezult\u00e2nd r\u0103nirea acestuia.<br>La fa\u021ba locului au intervenit rapid pompierii militari din cadrul Deta\u0219amentului Videle, cu o ambulan\u021b\u0103 SMURD \u0219i o autospecial\u0103 de stingere cu modul de descarcerare.<br>Victima, cu multiple traumatisne, con\u0219tient\u0103 \u0219i cooperant\u0103, ne\u00eencarcerat\u0103, a fost preluat\u0103 de paramedicii SMURD \u0219i a fost transportat\u0103 la Spitalul Videle pentru \u00eengrijiri de specialitate.<br>Pompierii au continuat misiunea pentru asigurarea m\u0103surilor P.S.I, cazul r\u0103m\u00e2n\u00e2nd \u00een aten\u021bia poli\u021biei pentru cercet\u0103ri, anun\u021b\u0103 ISU Teleorman.<\/p>\n\n\n\n<p>Sursa:realitatea<\/p>\n","protected":false},"excerpt":{"rendered":"<p>Un accident rutier s-a produs pe DJ 503, \u00eentre localit\u0103\u021bile Mo\u0219teni \u0219i Botoroaga, din Teleorman, \u00een jurul orei 20.00. Un<\/p>\n","protected":false},"author":1,"featured_media":72346,"comment_status":"closed","ping_status":"closed","sticky":false,"template":"","format":"standard","meta":{"spay_email":"","footnotes":"","jetpack_publicize_message":""},"categories":[1],"tags":[],"class_list":["post-72552","post","type-post","status-publish","format-standard","has-post-thumbnail","hentry","category-uncategorized"],"jetpack_featured_media_url":"https:\/\/i2.wp.com\/realitatearutiera.ro\/wp-content\/uploads\/2021\/01\/accident_68411200.jpg?fit=1280%2C720&ssl=1","jetpack_publicize_connections":[],"jetpack_sharing_enabled":true,"jetpack_shortlink":"https:\/\/wp.me\/p61naM-iSc","jetpack-related-posts":[],"_links":{"self":[{"href":"https:\/\/realitatearutiera.ro\/index.php?rest_route=\/wp\/v2\/posts\/72552","targetHints":{"allow":["GET"]}}],"collection":[{"href":"https:\/\/realitatearutiera.ro\/index.php?rest_route=\/wp\/v2\/posts"}],"about":[{"href":"https:\/\/realitatearutiera.ro\/index.php?rest_route=\/wp\/v2\/types\/post"}],"author":[{"embeddable":true,"href":"https:\/\/realitatearutiera.ro\/index.php?rest_route=\/wp\/v2\/users\/1"}],"replies":[{"embeddable":true,"href":"https:\/\/realitatearutiera.ro\/index.php?rest_route=%2Fwp%2Fv2%2Fcomments&post=72552"}],"version-history":[{"count":1,"href":"https:\/\/realitatearutiera.ro\/index.php?rest_route=\/wp\/v2\/posts\/72552\/revisions"}],"predecessor-version":[{"id":72553,"href":"https:\/\/realitatearutiera.ro\/index.php?rest_route=\/wp\/v2\/posts\/72552\/revisions\/72553"}],"wp:featuredmedia":[{"embeddable":true,"href":"https:\/\/realitatearutiera.ro\/index.php?rest_route=\/wp\/v2\/media\/72346"}],"wp:attachment":[{"href":"https:\/\/realitatearutiera.ro\/index.php?rest_route=%2Fwp%2Fv2%2Fmedia&parent=72552"}],"wp:term":[{"taxonomy":"category","embeddable":true,"href":"https:\/\/realitatearutiera.ro\/index.php?rest_route=%2Fwp%2Fv2%2Fcategories&post=72552"},{"taxonomy":"post_tag","embeddable":true,"href":"https:\/\/realitatearutiera.ro\/index.php?rest_route=%2Fwp%2Fv2%2Ftags&post=72552"}],"curies":[{"name":"wp","href":"https:\/\/api.w.org\/{rel}","templated":true}]}}