{"id":72765,"date":"2021-01-20T11:21:09","date_gmt":"2021-01-20T09:21:09","guid":{"rendered":"http:\/\/realitatearutiera.ro\/?p=72765"},"modified":"2021-01-20T11:21:15","modified_gmt":"2021-01-20T09:21:15","slug":"judetul-timis-accident-pe-dn68a","status":"publish","type":"post","link":"https:\/\/realitatearutiera.ro\/?p=72765","title":{"rendered":"JUDE\u021aUL TIMI\u0218: accident pe DN68A"},"content":{"rendered":"\n<p><strong>Ora:&nbsp;<\/strong>09:45<\/p>\n\n\n\n<p><strong>Centrul INFOTRAFIC din Inspectoratul General al Poli\u021biei Rom\u00e2ne<\/strong>&nbsp;informeaz\u0103 c\u0103, din cauza unui accident \u00een care au fost implicate o autoutilitar\u0103 \u0219i un autotren, circula\u021bia este \u00eentrerupt\u0103 pentru aproximativ 40 de minute pe DN 68A Holdea \u2013 Lugoj, \u00een afara localit\u0103\u021bii Co\u0219ava, jude\u021bul Timi\u0219. O persoan\u0103 a fost r\u0103nit\u0103 \u00een urma coliziunii frontale.<\/p>\n","protected":false},"excerpt":{"rendered":"<p>Ora:&nbsp;09:45 Centrul INFOTRAFIC din Inspectoratul General al Poli\u021biei Rom\u00e2ne&nbsp;informeaz\u0103 c\u0103, din cauza unui accident \u00een care au fost implicate o<\/p>\n","protected":false},"author":1,"featured_media":72766,"comment_status":"closed","ping_status":"closed","sticky":false,"template":"","format":"standard","meta":{"spay_email":"","footnotes":"","jetpack_publicize_message":""},"categories":[54],"tags":[],"class_list":["post-72765","post","type-post","status-publish","format-standard","has-post-thumbnail","hentry","category-informatii-rutiere"],"jetpack_featured_media_url":"https:\/\/i0.wp.com\/realitatearutiera.ro\/wp-content\/uploads\/2021\/01\/colaj-accident-cosava.jpg?fit=800%2C325&ssl=1","jetpack_publicize_connections":[],"jetpack_sharing_enabled":true,"jetpack_shortlink":"https:\/\/wp.me\/p61naM-iVD","jetpack-related-posts":[],"_links":{"self":[{"href":"https:\/\/realitatearutiera.ro\/index.php?rest_route=\/wp\/v2\/posts\/72765","targetHints":{"allow":["GET"]}}],"collection":[{"href":"https:\/\/realitatearutiera.ro\/index.php?rest_route=\/wp\/v2\/posts"}],"about":[{"href":"https:\/\/realitatearutiera.ro\/index.php?rest_route=\/wp\/v2\/types\/post"}],"author":[{"embeddable":true,"href":"https:\/\/realitatearutiera.ro\/index.php?rest_route=\/wp\/v2\/users\/1"}],"replies":[{"embeddable":true,"href":"https:\/\/realitatearutiera.ro\/index.php?rest_route=%2Fwp%2Fv2%2Fcomments&post=72765"}],"version-history":[{"count":1,"href":"https:\/\/realitatearutiera.ro\/index.php?rest_route=\/wp\/v2\/posts\/72765\/revisions"}],"predecessor-version":[{"id":72767,"href":"https:\/\/realitatearutiera.ro\/index.php?rest_route=\/wp\/v2\/posts\/72765\/revisions\/72767"}],"wp:featuredmedia":[{"embeddable":true,"href":"https:\/\/realitatearutiera.ro\/index.php?rest_route=\/wp\/v2\/media\/72766"}],"wp:attachment":[{"href":"https:\/\/realitatearutiera.ro\/index.php?rest_route=%2Fwp%2Fv2%2Fmedia&parent=72765"}],"wp:term":[{"taxonomy":"category","embeddable":true,"href":"https:\/\/realitatearutiera.ro\/index.php?rest_route=%2Fwp%2Fv2%2Fcategories&post=72765"},{"taxonomy":"post_tag","embeddable":true,"href":"https:\/\/realitatearutiera.ro\/index.php?rest_route=%2Fwp%2Fv2%2Ftags&post=72765"}],"curies":[{"name":"wp","href":"https:\/\/api.w.org\/{rel}","templated":true}]}}