{"id":72773,"date":"2021-01-20T11:43:21","date_gmt":"2021-01-20T09:43:21","guid":{"rendered":"http:\/\/realitatearutiera.ro\/?p=72773"},"modified":"2021-01-20T11:43:25","modified_gmt":"2021-01-20T09:43:25","slug":"cum-poate-sa-ti-fie-furata-masina-in-cele-cateva-minute","status":"publish","type":"post","link":"https:\/\/realitatearutiera.ro\/?p=72773","title":{"rendered":"Cum poate s\u0103-\u0163i fie furat\u0103 ma\u015fina \u00een cele c\u00e2teva minute"},"content":{"rendered":"\n<p>Este povestea unei femei din Bal\u015f care s-a deplasat la un supermarket din localitate cu autoturismul personal. A f\u0103cut repede c\u00e2teva cump\u0103r\u0103turi, dar c\u00e2nd a ie\u015fit afar\u0103, nu i-a venit s\u0103 cread\u0103. Ma\u015fina disp\u0103ruse. <\/p>\n\n\n\n<p> Femeia s-a g\u00e2ndit c\u0103 nu va sta dec\u00e2t c\u00e2teva minute \u00een supermarket \u015fi nu va fi nicio problem\u0103 dac\u0103 va l\u0103sa ma\u015fina pornit\u0103. C\u00e2nd a ie\u015fit, \u00eens\u0103, din magazin, nu i-a venit s\u0103 cread\u0103. A c\u0103utat-o prin toat\u0103 parcarea \u015fi imediat a sunat la 112.<\/p>\n\n\n\n<p>\u00a0 \u201eAm crezut c\u0103 mor c\u00e2nd am\u00a0 v\u0103zut c\u0103 a disp\u0103rut. O l\u0103sasem pornit\u0103 pentru c\u0103 era foarte frig \u015fi m-am g\u00e2ndit c\u0103 vin repede, s\u0103 nu se r\u0103ceasc\u0103 motorul&#8221;, le-a povestit femeia poli\u0163i\u015ftilor care imediat au \u00eenceput s\u0103 caute autoturismul.<\/p>\n\n\n\n<p> Nu a durat mult \u015fi ma\u015fina a fost g\u0103sit\u0103. Nu \u00een Bal\u015f, ci \u00een localitatea G\u0103neasa. Cel care o furase nici m\u0103car nu avea permis de conducere. \u00a0<\/p>\n\n\n\n<p> \u201ePoli\u0163i\u015ftii Inspectoratul de Poli\u0163ie Jude\u0163ean Olt s-au mobilizat \u015fi au efectuat de \u00eendat\u0103 verific\u0103ri. La aproximativ 15 minute de la sesizare, poli\u0163i\u015ftii Serviciului Rutier au depistat \u00een trafic, pe Drumul Na\u0163ional 65, \u00een localitatea G\u0103neasa, autoturismul reclamat c\u0103 ar fi fost sustras. Poli\u0163i\u015ftii au imobilizat conduc\u0103torul auto, un b\u0103rbat, \u00een v\u00e2rst\u0103 de 30 de ani, b\u0103nuit de sustragerea acestuia. Din verific\u0103rile efectuate de poli\u0163i\u015ftii rutieri a reie\u015fit faptul c\u0103 b\u0103rbatul nu de\u0163ine permis de conducere&#8221;, au precizat reprezentan\u0163ii IPJ Olt \u00eentr-un comuncat de pres\u0103. \u00a0<\/p>\n\n\n\n<p> \u201ePoli\u0163i\u015ftii din cadrul Poli\u0163iei ora\u015fului Bal\u015f au re\u0163inut b\u0103rbatul pentru 24 de ore. Acesta se afl\u0103 \u00een Centrul de Re\u0163inere \u015fi Arestare Preventiv\u0103 al Inspectoratului de Poli\u0163ie Jude\u0163ean Olt. B\u0103rbatul urmeaz\u0103 s\u0103 fie prezentat unit\u0103\u0163ii de\u00a0 parchet competente, cu propuneri legale&#8221;, se arat\u0103 \u00een aceea\u015fi informare de pres\u0103.<\/p>\n\n\n\n<p>Sursa:adevarul<\/p>\n","protected":false},"excerpt":{"rendered":"<p>Este povestea unei femei din Bal\u015f care s-a deplasat la un supermarket din localitate cu autoturismul personal. A f\u0103cut repede<\/p>\n","protected":false},"author":1,"featured_media":0,"comment_status":"closed","ping_status":"closed","sticky":false,"template":"","format":"standard","meta":{"spay_email":"","footnotes":"","jetpack_publicize_message":""},"categories":[1],"tags":[],"class_list":["post-72773","post","type-post","status-publish","format-standard","hentry","category-uncategorized"],"jetpack_featured_media_url":"","jetpack_publicize_connections":[],"jetpack_sharing_enabled":true,"jetpack_shortlink":"https:\/\/wp.me\/p61naM-iVL","jetpack-related-posts":[],"_links":{"self":[{"href":"https:\/\/realitatearutiera.ro\/index.php?rest_route=\/wp\/v2\/posts\/72773","targetHints":{"allow":["GET"]}}],"collection":[{"href":"https:\/\/realitatearutiera.ro\/index.php?rest_route=\/wp\/v2\/posts"}],"about":[{"href":"https:\/\/realitatearutiera.ro\/index.php?rest_route=\/wp\/v2\/types\/post"}],"author":[{"embeddable":true,"href":"https:\/\/realitatearutiera.ro\/index.php?rest_route=\/wp\/v2\/users\/1"}],"replies":[{"embeddable":true,"href":"https:\/\/realitatearutiera.ro\/index.php?rest_route=%2Fwp%2Fv2%2Fcomments&post=72773"}],"version-history":[{"count":1,"href":"https:\/\/realitatearutiera.ro\/index.php?rest_route=\/wp\/v2\/posts\/72773\/revisions"}],"predecessor-version":[{"id":72774,"href":"https:\/\/realitatearutiera.ro\/index.php?rest_route=\/wp\/v2\/posts\/72773\/revisions\/72774"}],"wp:attachment":[{"href":"https:\/\/realitatearutiera.ro\/index.php?rest_route=%2Fwp%2Fv2%2Fmedia&parent=72773"}],"wp:term":[{"taxonomy":"category","embeddable":true,"href":"https:\/\/realitatearutiera.ro\/index.php?rest_route=%2Fwp%2Fv2%2Fcategories&post=72773"},{"taxonomy":"post_tag","embeddable":true,"href":"https:\/\/realitatearutiera.ro\/index.php?rest_route=%2Fwp%2Fv2%2Ftags&post=72773"}],"curies":[{"name":"wp","href":"https:\/\/api.w.org\/{rel}","templated":true}]}}