{"id":72849,"date":"2021-01-22T10:28:55","date_gmt":"2021-01-22T08:28:55","guid":{"rendered":"http:\/\/realitatearutiera.ro\/?p=72849"},"modified":"2021-01-22T10:29:00","modified_gmt":"2021-01-22T08:29:00","slug":"un-tir-a-fost-cuprins-de-flacari-la-iesire-din-ramnicu-valcea-spre-sibiu","status":"publish","type":"post","link":"https:\/\/realitatearutiera.ro\/?p=72849","title":{"rendered":"Un TIR a fost cuprins de fl\u0103c\u0103ri, la ie\u015fire din R\u00e2mnicu V\u00e2lcea, spre Sibiu"},"content":{"rendered":"\n<p>Un incendiu a izbucnit vineri diminea\u0163a, 22 ianuarie, \u00een trafic, pe DN 7 \/ E 81, la ie\u015fire din R\u00e2mnicu V\u00e2lcea, spre Sibiu. Un TIR a fost cuprins de fl\u0103c\u0103ri. <\/p>\n\n\n\n<p> Incendiul de propor\u0163ii s-a produs pe DN 7, l\u00e2ng\u0103 poligonul de la Bujoreni.\u00a0<\/p>\n\n\n\n<p> \u00a0 La interven\u0163ie au fost alocate patru echipaje\u00a0ASAS &#8211; autospeciale de stingere cu ap\u0103 \u015fi spum\u0103, cu 10\u00a0 subofi\u0163eri, din cadrul G\u0103rzii de Interven\u0163ie R\u00e2mnicu V\u00e2lcea\u00a0 a Inspectoratului Jude\u0163ean pentru Situa\u0163ii de Urgen\u0163\u0103 (ISU) V\u00e2lcea.\u00a0 <\/p>\n\n\n\n<p>\u00a0 \u015eoferul TIR-ului a tras pe dreapta \u00een momentul \u00een care a v\u0103zut \u00een oglinzile retrovizoare c\u0103 iese fum din zona remorcii.\u00a0 <\/p>\n\n\n\n<p>\u00a0  \u00a0 \u201eA tras pe dreapta \u00een primul refugiu care l-a g\u0103sit. \u00cen momentul extinderii incendiului, camionul era par\u0163ial ie\u015fit \u00een afara c\u0103ii de rulare. \u00cen mod normal \u015fi firesc, c\u00e2nd este parcat, acest lucru se realizeaz\u0103 astfel \u00eenc\u00e2t s\u0103 nu st\u00e2njeneasc\u0103 ceilal\u0163i participan\u0163i la trafic\u201d, a precizat Octavian Fulger, reprezentantul ISU V\u00e2lcea. \u00a0<\/p>\n\n\n\n<p> Nu au fost anun\u0163ate victime, fl\u0103c\u0103rile au pus st\u0103p\u00e2nire pe remorca \u00eenc\u0103rcat\u0103 cu balo\u0163i de bumbac, dup\u0103 cum se observ\u0103 \u015fi din imagini \u015fi film\u0103ri.\u00a0 \u00a0<\/p>\n\n\n\n<p>Sursa:adevarul<\/p>\n","protected":false},"excerpt":{"rendered":"<p>Un incendiu a izbucnit vineri diminea\u0163a, 22 ianuarie, \u00een trafic, pe DN 7 \/ E 81, la ie\u015fire din R\u00e2mnicu<\/p>\n","protected":false},"author":1,"featured_media":72850,"comment_status":"closed","ping_status":"closed","sticky":false,"template":"","format":"standard","meta":{"spay_email":"","footnotes":"","jetpack_publicize_message":""},"categories":[6],"tags":[],"class_list":["post-72849","post","type-post","status-publish","format-standard","has-post-thumbnail","hentry","category-social"],"jetpack_featured_media_url":"https:\/\/i0.wp.com\/realitatearutiera.ro\/wp-content\/uploads\/2021\/01\/646x404-1-4.jpg?fit=646%2C404&ssl=1","jetpack_publicize_connections":[],"jetpack_sharing_enabled":true,"jetpack_shortlink":"https:\/\/wp.me\/p61naM-iWZ","jetpack-related-posts":[],"_links":{"self":[{"href":"https:\/\/realitatearutiera.ro\/index.php?rest_route=\/wp\/v2\/posts\/72849","targetHints":{"allow":["GET"]}}],"collection":[{"href":"https:\/\/realitatearutiera.ro\/index.php?rest_route=\/wp\/v2\/posts"}],"about":[{"href":"https:\/\/realitatearutiera.ro\/index.php?rest_route=\/wp\/v2\/types\/post"}],"author":[{"embeddable":true,"href":"https:\/\/realitatearutiera.ro\/index.php?rest_route=\/wp\/v2\/users\/1"}],"replies":[{"embeddable":true,"href":"https:\/\/realitatearutiera.ro\/index.php?rest_route=%2Fwp%2Fv2%2Fcomments&post=72849"}],"version-history":[{"count":1,"href":"https:\/\/realitatearutiera.ro\/index.php?rest_route=\/wp\/v2\/posts\/72849\/revisions"}],"predecessor-version":[{"id":72851,"href":"https:\/\/realitatearutiera.ro\/index.php?rest_route=\/wp\/v2\/posts\/72849\/revisions\/72851"}],"wp:featuredmedia":[{"embeddable":true,"href":"https:\/\/realitatearutiera.ro\/index.php?rest_route=\/wp\/v2\/media\/72850"}],"wp:attachment":[{"href":"https:\/\/realitatearutiera.ro\/index.php?rest_route=%2Fwp%2Fv2%2Fmedia&parent=72849"}],"wp:term":[{"taxonomy":"category","embeddable":true,"href":"https:\/\/realitatearutiera.ro\/index.php?rest_route=%2Fwp%2Fv2%2Fcategories&post=72849"},{"taxonomy":"post_tag","embeddable":true,"href":"https:\/\/realitatearutiera.ro\/index.php?rest_route=%2Fwp%2Fv2%2Ftags&post=72849"}],"curies":[{"name":"wp","href":"https:\/\/api.w.org\/{rel}","templated":true}]}}