{"id":73066,"date":"2021-02-01T08:26:13","date_gmt":"2021-02-01T06:26:13","guid":{"rendered":"http:\/\/realitatearutiera.ro\/?p=73066"},"modified":"2021-02-01T08:26:19","modified_gmt":"2021-02-01T06:26:19","slug":"informatii-utile-din-trafic-65","status":"publish","type":"post","link":"https:\/\/realitatearutiera.ro\/?p=73066","title":{"rendered":"Informa\u021bii utile din trafic"},"content":{"rendered":"\n<h3 class=\"wp-block-heading\">JUDE\u0162UL ARGE\u015e: TRAFICUL RUTIER PE DN 7 ESTE RESTRIC\u0162IONAT<\/h3>\n\n\n\n<p><strong>Ora:&nbsp;<\/strong>07:00<\/p>\n\n\n\n<p><strong>Centrul INFOTRAFIC din Inspectoratul General al Poli\u0163iei Rom\u00e2ne&nbsp;<\/strong>informeaz\u0103, \u00een jude\u0163ul Arge\u015f, circula\u0163ia se desf\u0103\u015foar\u0103 pe un fir alternativ pe DN7&nbsp; Pite\u015fti \u2013R\u00e2mnicu V\u00e2lcea, \u00een localitatea Bascov(km 121+600 de metri), din cauza unui accident rutier.<\/p>\n\n\n\n<p>Se\u00a0 estimeaz\u0103 ca \u00een aproximativ 30-45 de minute traficul s\u0103 fie reluat \u00een condi\u0163ii normale.<\/p>\n\n\n\n<h3 class=\"wp-block-heading\">AVERTIZARE INFOTRAFIC: PLOAIE TOREN\u0162IAL\u0102 PE AUTOSTRADA A3 BUCURE\u0218TI &#8211; PLOIE\u0218TI<\/h3>\n\n\n\n<p><strong>Ora:&nbsp;<\/strong>07:00<\/p>\n\n\n\n<p><strong>Centrul INFOTRAFIC din Inspectoratul General al Poli\u0163iei Rom\u00e2ne<\/strong>&nbsp;informeaz\u0103 c\u0103 pe \u00eentreg tronsonul Autostr\u0103zii A3 Bucure\u0219ti \u2013 Ploie\u0219ti este semnalat\u0103 ploaie toren\u021bial\u0103, vizibilitatea fiind sc\u0103zut\u0103 din aceast\u0103 cauz\u0103, exist\u00e2nd riscul de acvaplanare.<\/p>\n\n\n\n<p>Conduc\u0103torii auto sunt sf\u0103tui\u0163i s\u0103 circule cu foarte mare aten\u0163ie \u015fi cu vitez\u0103 deosebit de redus\u0103, s\u0103 foloseasc\u0103 luminile de \u00eent\u00e2lnire, iar fiecare manevr\u0103 s\u0103 fie efectuat\u0103 numai dup\u0103 o temeinic\u0103 asigurare, pentru a putea evita producerea de accidente rutiere.<\/p>\n","protected":false},"excerpt":{"rendered":"<p>JUDE\u0162UL ARGE\u015e: TRAFICUL RUTIER PE DN 7 ESTE RESTRIC\u0162IONAT Ora:&nbsp;07:00 Centrul INFOTRAFIC din Inspectoratul General al Poli\u0163iei Rom\u00e2ne&nbsp;informeaz\u0103, \u00een jude\u0163ul<\/p>\n","protected":false},"author":1,"featured_media":73067,"comment_status":"closed","ping_status":"closed","sticky":false,"template":"","format":"standard","meta":{"spay_email":"","footnotes":"","jetpack_publicize_message":""},"categories":[54],"tags":[],"class_list":["post-73066","post","type-post","status-publish","format-standard","has-post-thumbnail","hentry","category-informatii-rutiere"],"jetpack_featured_media_url":"https:\/\/i0.wp.com\/realitatearutiera.ro\/wp-content\/uploads\/2021\/02\/descarcare.jpg?fit=369%2C136&ssl=1","jetpack_publicize_connections":[],"jetpack_sharing_enabled":true,"jetpack_shortlink":"https:\/\/wp.me\/p61naM-j0u","jetpack-related-posts":[],"_links":{"self":[{"href":"https:\/\/realitatearutiera.ro\/index.php?rest_route=\/wp\/v2\/posts\/73066","targetHints":{"allow":["GET"]}}],"collection":[{"href":"https:\/\/realitatearutiera.ro\/index.php?rest_route=\/wp\/v2\/posts"}],"about":[{"href":"https:\/\/realitatearutiera.ro\/index.php?rest_route=\/wp\/v2\/types\/post"}],"author":[{"embeddable":true,"href":"https:\/\/realitatearutiera.ro\/index.php?rest_route=\/wp\/v2\/users\/1"}],"replies":[{"embeddable":true,"href":"https:\/\/realitatearutiera.ro\/index.php?rest_route=%2Fwp%2Fv2%2Fcomments&post=73066"}],"version-history":[{"count":1,"href":"https:\/\/realitatearutiera.ro\/index.php?rest_route=\/wp\/v2\/posts\/73066\/revisions"}],"predecessor-version":[{"id":73068,"href":"https:\/\/realitatearutiera.ro\/index.php?rest_route=\/wp\/v2\/posts\/73066\/revisions\/73068"}],"wp:featuredmedia":[{"embeddable":true,"href":"https:\/\/realitatearutiera.ro\/index.php?rest_route=\/wp\/v2\/media\/73067"}],"wp:attachment":[{"href":"https:\/\/realitatearutiera.ro\/index.php?rest_route=%2Fwp%2Fv2%2Fmedia&parent=73066"}],"wp:term":[{"taxonomy":"category","embeddable":true,"href":"https:\/\/realitatearutiera.ro\/index.php?rest_route=%2Fwp%2Fv2%2Fcategories&post=73066"},{"taxonomy":"post_tag","embeddable":true,"href":"https:\/\/realitatearutiera.ro\/index.php?rest_route=%2Fwp%2Fv2%2Ftags&post=73066"}],"curies":[{"name":"wp","href":"https:\/\/api.w.org\/{rel}","templated":true}]}}