{"id":73075,"date":"2021-02-01T08:50:14","date_gmt":"2021-02-01T06:50:14","guid":{"rendered":"http:\/\/realitatearutiera.ro\/?p=73075"},"modified":"2021-02-01T08:50:20","modified_gmt":"2021-02-01T06:50:20","slug":"politia-din-suedia-nu-tolereaza-comportamentul-agresiv-in-trafic","status":"publish","type":"post","link":"https:\/\/realitatearutiera.ro\/?p=73075","title":{"rendered":"Poli\u021bia din Suedia nu tolereaz\u0103 comportamentul agresiv \u00een trafic"},"content":{"rendered":"\n<p>Un \u0219ofer suedez care a \u0219icanat un \u0219ofer de TIR din Rom\u00e2nia \u00een trafic a primit o amend\u0103 uria\u0219\u0103. Poli\u021bia din Suedia demonstreaz\u0103 astfel c\u0103 nu tolereaz\u0103 comportamentul agresiv \u00een trafic.<\/p>\n\n\n\n<p>Incidentul a avut loc pe un pasaj suprateran din Goteborg, \u00een luna august a anului trecut. Un \u0219ofer aflat la volanul unui autoturism marca Volvo a fr\u00e2nat brusc \u00een fa\u021ba unui&nbsp;<a href=\"https:\/\/www.promotor.ro\/stiri-auto\/un-sofer-de-tir-doarme-de-4-luni-in-cabina-2021-18814001\" target=\"_blank\" rel=\"noreferrer noopener\">\u0219ofer de TIR<\/a>&nbsp;din Rom\u00e2nia. \u0218oferul de TIR a fost nevoit s\u0103 fr\u00e2neze pentru a nu lovi din spate autoturismul.<\/p>\n\n\n\n<p>\u201eUrma o por\u021biune de drum \u00een lucru, iar \u00een pozi\u021bia \u00een care m\u0103 aflam, \u00eemi era imposibil s\u0103 observ din timp ma\u0219inile ce veneau din dreapta mea. Drumul era \u00een V, unghiurile moarte, vedeam ma\u0219inile doar \u00een momentul \u00een care m\u0103 dep\u0103\u0219eau, \u00een oglinzi v\u0103d doar ce e paralel cu camionul! M\u0103 bazam doar pe intui\u021bia \u0219i \u00een\u021belegerea celor care veneau c\u0103 or s\u0103 m\u0103 lase s\u0103 intru, dar ce a urmat se poate vedea \u00een videoclip, mai bine zis doar o parte. Dup\u0103 ce o trecut de mine cel cu Volvo-ul, ce \u015fi-o zis, stai c\u0103 \u00ee\u021bi ar\u0103t eu \u021bie. \u0218i mi-o fr\u00e2nat \u00een fa\u021b\u0103. Am reu\u0219it cu greu s\u0103 opresc la timp, am auzit cum marfa din container s-a ,,rearanjat\u201d. Ok, no problem, mi-am zis \u00een sinea mea\u201d, a povestit \u0219oferul rom\u00e2n de TIR pe&nbsp;<a href=\"https:\/\/www.trafictube.ro\/sicanare-goteborg\/\" target=\"_blank\" rel=\"noreferrer noopener\">Trafictube.ro<\/a>.<\/p>\n\n\n\n<h2 class=\"wp-block-heading\">Cazul \u0219oferului de TIR \u0219icanat de un suedez a ajuns pe m\u00e2na poli\u021biei<\/h2>\n\n\n\n<p>\u0218oferul de TIR \u0219i-a sunat \u0219eful \u0219i i-a povestit incidentul. Cazul a ajuns pe m\u00e2na poli\u021biei. Conduc\u0103torul auto aflat la volanul autoturismului a sus\u021binut c\u0103 \u0219oferul de TIR a tras de volan \u00een direc\u021bia lui. \u201cDe ce a tras peste mine camionagiul, o vrut s\u0103 m\u0103 omoare sigur, blab la bla\u201d, poveste\u0219te rom\u00e2nul c\u0103 le-ar fi spus suedezul poli\u021bi\u0219tilor.<\/p>\n\n\n\n<p>Poli\u021bistul l-a contrazis \u00eens\u0103: \u201cDar \u0219oferul camionului nu a tras spre dumneavoastr\u0103 niciun moment, a semnalizat din timp, iar dumneavoastr\u0103 a\u0163i avut vitez\u0103 p\u00e2n\u0103 \u00een momentul c\u00e2nd a\u021bi ajuns \u00een dreptul camionului unde a\u021bi \u00eencetinit brusc, i-a spus&nbsp;<a href=\"https:\/\/www.promotor.ro\/stiri-auto\/politist-roman-calmeaza-o-gasca-de-compatrioti-in-uk-18816129\" target=\"_blank\" rel=\"noreferrer noopener\">poli\u021bistul<\/a>&nbsp;(eu n-aveam cum s\u0103 v\u0103d asta).\u201d<\/p>\n\n\n\n<p>Poli\u021bia suedez\u0103 a avut la dispozi\u021bie imaginile \u00eenregistrate de camerele video amplasate pe podul pe care a avut loc incidentul, dar \u0219i pe cele surprinse de camera de bord a \u0219oferului rom\u00e2n.<\/p>\n\n\n\n<p>Imaginile au fost concludente. Suedezul a r\u0103mas f\u0103r\u0103 permis pentru o perioad\u0103 de trei luni de zile. Mai mult, potrivit \u0219oferului rom\u00e2n, nordicul a fost amendat cu o sum\u0103 uria\u0219\u0103: 127.000 de coroane suedeze, echivalentul a aproximativ 12.500 de euro.<\/p>\n\n\n\n<p>Video<a href=\"https:\/\/youtu.be\/4xk_JbE2cZs\"> aici<\/a><\/p>\n\n\n\n<p>Sursa:promotor<\/p>\n","protected":false},"excerpt":{"rendered":"<p>Un \u0219ofer suedez care a \u0219icanat un \u0219ofer de TIR din Rom\u00e2nia \u00een trafic a primit o amend\u0103 uria\u0219\u0103. Poli\u021bia<\/p>\n","protected":false},"author":1,"featured_media":73076,"comment_status":"closed","ping_status":"closed","sticky":false,"template":"","format":"standard","meta":{"spay_email":"","footnotes":"","jetpack_publicize_message":""},"categories":[82],"tags":[],"class_list":["post-73075","post","type-post","status-publish","format-standard","has-post-thumbnail","hentry","category-auto"],"jetpack_featured_media_url":"https:\/\/i2.wp.com\/realitatearutiera.ro\/wp-content\/uploads\/2021\/02\/Sofer-de-TIR-Romania-Suedia-3.jpg?fit=618%2C700&ssl=1","jetpack_publicize_connections":[],"jetpack_sharing_enabled":true,"jetpack_shortlink":"https:\/\/wp.me\/p61naM-j0D","jetpack-related-posts":[],"_links":{"self":[{"href":"https:\/\/realitatearutiera.ro\/index.php?rest_route=\/wp\/v2\/posts\/73075","targetHints":{"allow":["GET"]}}],"collection":[{"href":"https:\/\/realitatearutiera.ro\/index.php?rest_route=\/wp\/v2\/posts"}],"about":[{"href":"https:\/\/realitatearutiera.ro\/index.php?rest_route=\/wp\/v2\/types\/post"}],"author":[{"embeddable":true,"href":"https:\/\/realitatearutiera.ro\/index.php?rest_route=\/wp\/v2\/users\/1"}],"replies":[{"embeddable":true,"href":"https:\/\/realitatearutiera.ro\/index.php?rest_route=%2Fwp%2Fv2%2Fcomments&post=73075"}],"version-history":[{"count":1,"href":"https:\/\/realitatearutiera.ro\/index.php?rest_route=\/wp\/v2\/posts\/73075\/revisions"}],"predecessor-version":[{"id":73077,"href":"https:\/\/realitatearutiera.ro\/index.php?rest_route=\/wp\/v2\/posts\/73075\/revisions\/73077"}],"wp:featuredmedia":[{"embeddable":true,"href":"https:\/\/realitatearutiera.ro\/index.php?rest_route=\/wp\/v2\/media\/73076"}],"wp:attachment":[{"href":"https:\/\/realitatearutiera.ro\/index.php?rest_route=%2Fwp%2Fv2%2Fmedia&parent=73075"}],"wp:term":[{"taxonomy":"category","embeddable":true,"href":"https:\/\/realitatearutiera.ro\/index.php?rest_route=%2Fwp%2Fv2%2Fcategories&post=73075"},{"taxonomy":"post_tag","embeddable":true,"href":"https:\/\/realitatearutiera.ro\/index.php?rest_route=%2Fwp%2Fv2%2Ftags&post=73075"}],"curies":[{"name":"wp","href":"https:\/\/api.w.org\/{rel}","templated":true}]}}