{"id":73126,"date":"2021-02-02T08:57:46","date_gmt":"2021-02-02T06:57:46","guid":{"rendered":"http:\/\/realitatearutiera.ro\/?p=73126"},"modified":"2021-02-02T08:57:51","modified_gmt":"2021-02-02T06:57:51","slug":"tupeu-fara-margini-sofer-fara-permis-prins-in-timp-ce-circula-cu-numerele-de-inmatriculare-acoperite","status":"publish","type":"post","link":"https:\/\/realitatearutiera.ro\/?p=73126","title":{"rendered":"Tupeu f\u0103r\u0103 margini. \u0218ofer f\u0103r\u0103 permis, prins \u00een timp ce circula cu numerele de \u00eenmatriculare acoperite"},"content":{"rendered":"\n<p>Un t\u00e2n\u0103r de 23 de ani are probleme cu legea dup\u0103 ce a fost observat \u00een trafic la volanul unui autoturism cu numerele de \u00eenmatriculare acoperite. Acesta nu avea nici permis de conducere.<\/p>\n\n\n\n<p>\u00cen cauz\u0103 a fost \u00eentocmit dosar penal sub aspectul s\u0103v\u00e2r\u015firii infrac\u0163iunilor de conducerea unui vehicul f\u0103r\u0103 permis de conducere \u015fi punerea \u00een circula\u0163ie a unui vehicul ne\u00eenmatriculat.<\/p>\n\n\n\n<p>Un t\u00e2n\u0103r \u00een v\u00e2rst\u0103 de 23 de ani din Ia\u015fi s-a urcat la volanul unei ma\u015fini de\u015fi nu aveam permis de conducere pentru nicio categorie de vehicule. Mai mult dec\u00e2t at\u00e2t, numerele de \u00eenmatriculare ale autoturismului pe care \u00eel conducea erau expirate. Nici asta nu l-a oprit pe t\u00e2n\u0103r din aventura sa pe str\u0103zile comunei Vl\u0103deni: a aplicat o band\u0103 pe numerele de \u00eenmatriculare ale autoturismului,&nbsp;<a href=\"https:\/\/www.promotor.ro\/stiri-auto\/un-australian-are-un-numar-de-inmatriculare-care-valoreaza-mai-mult-decat-masina-18818221\">pentru a acoperi vizibilitatea<\/a>.<\/p>\n\n\n\n<h5 class=\"wp-block-heading\">\u0218ofer f\u0103r\u0103 permis, prins \u00een timp ce circula cu numerele de \u00eenmatriculare acoperite<\/h5>\n\n\n\n<p><em>\u201cLa data de 30 ianuarie, poli\u0163i\u015ftii din cadrul Sec\u0163iei 3 Poli\u0163ie Rural\u0103 Popricani au oprit pentru control, pe raza comunei Vl\u0103deni, un autoturism condus de un t\u00e2n\u0103r de 23 de ani, din comuna Valea Lupului. \u00cen urma controlului s-a constatat faptul c\u0103 acesta avea aplicat\u0103 o band\u0103 pe numerele de \u00eenmatriculare ale autoturismului, pentru a acoperi vizibilitatea, iar din verific\u0103ri a rezultat c\u0103 numerele de \u00eenmatriculare montate pe autoturism erau expirate.&nbsp;De asemenea, s-a constatat c\u0103 t\u00e2n\u0103rul nu de\u0163ine permis de conducere pentru nicio categorie de vehicule. \u00cen cauz\u0103 a fost \u00eentocmit dosar penal sub aspectul s\u0103v\u00e2r\u015firii infrac\u0163iunilor de conducerea unui vehicul f\u0103r\u0103 permis de conducere \u015fi punerea \u00een circula\u0163ie sau conducerea unui vehicul ne\u00eenmatriculat\u201d,<\/em>&nbsp;au precizat reprezentan\u0163ii Poli\u0163iei Ia\u015fi.<\/p>\n\n\n\n<p>\u00cen urma controlului s-a constatat faptul c\u0103 acesta avea aplicat\u0103 o band\u0103 pe numerele de \u00eenmatriculare ale autoturismului, pentru a acoperi vizibilitatea, iar din verific\u0103ri a rezultat c\u0103 numerele de \u00eenmatriculare montate pe autoturism erau expirate.<\/p>\n\n\n\n<p>De asemenea, s-a constatat faptul c\u0103 t\u00e2n\u0103rul nu de\u0163ine permis de conducere pentru nicio categorie de vehicule.<\/p>\n\n\n\n<p>\u00cen cauz\u0103 a fost \u00eentocmit dosar penal sub aspectul s\u0103v\u00e2r\u015firii infrac\u0163iunilor de conducerea unui vehicul f\u0103r\u0103 permis de conducere \u015fi\u00a0<a href=\"https:\/\/www.promotor.ro\/stiri-auto\/cel-mai-scump-numar-de-inmatriculare-2396034\">punerea \u00een circula\u0163ie<\/a>\u00a0sau conducerea unui vehicul ne\u00eenmatriculat.<\/p>\n\n\n\n<p>Sursa:promotor<\/p>\n","protected":false},"excerpt":{"rendered":"<p>Un t\u00e2n\u0103r de 23 de ani are probleme cu legea dup\u0103 ce a fost observat \u00een trafic la volanul unui<\/p>\n","protected":false},"author":1,"featured_media":47397,"comment_status":"closed","ping_status":"closed","sticky":false,"template":"","format":"standard","meta":{"spay_email":"","footnotes":"","jetpack_publicize_message":""},"categories":[82],"tags":[],"class_list":["post-73126","post","type-post","status-publish","format-standard","has-post-thumbnail","hentry","category-auto"],"jetpack_featured_media_url":"https:\/\/i0.wp.com\/realitatearutiera.ro\/wp-content\/uploads\/2019\/03\/politia-rutiera.jpg?fit=640%2C458&ssl=1","jetpack_publicize_connections":[],"jetpack_sharing_enabled":true,"jetpack_shortlink":"https:\/\/wp.me\/p61naM-j1s","jetpack-related-posts":[],"_links":{"self":[{"href":"https:\/\/realitatearutiera.ro\/index.php?rest_route=\/wp\/v2\/posts\/73126","targetHints":{"allow":["GET"]}}],"collection":[{"href":"https:\/\/realitatearutiera.ro\/index.php?rest_route=\/wp\/v2\/posts"}],"about":[{"href":"https:\/\/realitatearutiera.ro\/index.php?rest_route=\/wp\/v2\/types\/post"}],"author":[{"embeddable":true,"href":"https:\/\/realitatearutiera.ro\/index.php?rest_route=\/wp\/v2\/users\/1"}],"replies":[{"embeddable":true,"href":"https:\/\/realitatearutiera.ro\/index.php?rest_route=%2Fwp%2Fv2%2Fcomments&post=73126"}],"version-history":[{"count":1,"href":"https:\/\/realitatearutiera.ro\/index.php?rest_route=\/wp\/v2\/posts\/73126\/revisions"}],"predecessor-version":[{"id":73127,"href":"https:\/\/realitatearutiera.ro\/index.php?rest_route=\/wp\/v2\/posts\/73126\/revisions\/73127"}],"wp:featuredmedia":[{"embeddable":true,"href":"https:\/\/realitatearutiera.ro\/index.php?rest_route=\/wp\/v2\/media\/47397"}],"wp:attachment":[{"href":"https:\/\/realitatearutiera.ro\/index.php?rest_route=%2Fwp%2Fv2%2Fmedia&parent=73126"}],"wp:term":[{"taxonomy":"category","embeddable":true,"href":"https:\/\/realitatearutiera.ro\/index.php?rest_route=%2Fwp%2Fv2%2Fcategories&post=73126"},{"taxonomy":"post_tag","embeddable":true,"href":"https:\/\/realitatearutiera.ro\/index.php?rest_route=%2Fwp%2Fv2%2Ftags&post=73126"}],"curies":[{"name":"wp","href":"https:\/\/api.w.org\/{rel}","templated":true}]}}