{"id":73484,"date":"2021-02-12T08:55:30","date_gmt":"2021-02-12T06:55:30","guid":{"rendered":"http:\/\/realitatearutiera.ro\/?p=73484"},"modified":"2021-02-12T08:55:36","modified_gmt":"2021-02-12T06:55:36","slug":"de-ce-minciuna-are-picioare-scurte-ne-explica-un-tanar-sofer-si-prietenul-lui","status":"publish","type":"post","link":"https:\/\/realitatearutiera.ro\/?p=73484","title":{"rendered":"De ce minciuna are picioare scurte ne explic\u0103 un t\u00e2n\u0103r \u0219ofer \u0219i prietenul lui"},"content":{"rendered":"\n<p><strong>Un t\u00e2n\u0103r de 23 de ani aflat \u00een ma\u015fin\u0103 cu un prieten a produs un accident \u015fi apoi a fugit de la fa\u0163a locului. Acesta nu avea voie s\u0103 conduc\u0103 autoturisme, permisul fiindu-i suspendat, \u00eens\u0103 prietenul s\u0103u \u00een v\u00e2rst\u0103 de 22 de ani l-a &#8220;acoperit&#8221;, spun\u00e2nd poli\u0163i\u015ftilor c\u0103 este \u015foferul ma\u015finii.\u00a0<\/strong><\/p>\n\n\n\n<p>\u00cen urma verific\u0103rilor, poli\u0163i\u015ftii au descoperit c\u0103 t\u00e2n\u0103rul de 22 de ani a min\u0163it autorit\u0103\u0163ile \u015fi a fost \u00eenvinuit pentru fals \u00een declara\u0163ii \u015fi sus\u0163inerea infractorului. Cei doi au fost re\u0163inu\u0163i pentru o zi \u00een Arestul IPJ, urm\u00e2nd s\u0103 fie ancheta\u0163i.<\/p>\n\n\n\n<figure class=\"wp-block-image\"><img decoding=\"async\" src=\"https:\/\/www.ziaruldeiasi.ro\/app\/gethumb.details.php?id=398865&amp;w=640&amp;h=480\" alt=\"arest\"\/><\/figure>\n\n\n\n<p>&#8220;La data de 10 ianuarie, poli\u0163i\u015ftii din cadrul Sec\u0163iei patru Poli\u0163ie Rural\u0103 Miroslava au fost sesiza\u0163i cu privire la faptul c\u0103 pe DN 28 D, \u00een comuna Miroslava, a avut loc un accident rutier soldat cu pagube materiale, iar conduc\u0103torul auto a fugit de la fa\u0163a locului. Poli\u0163i\u015ftii s-au deplasat la fa\u0163a locului, iar \u00een apropiere au identificat doi tineri, de 23, respectiv 22 de ani, acesta din urm\u0103 declar\u00e2nd faptul c\u0103 el a condus autoturismul. \u00cen urma verific\u0103rilor efectuate \u00een bazele de date, s-a constatat faptul c\u0103 t\u00e2n\u0103rul de 23 de ani figura cu restric\u0163ii privind valabilitatea dreptului de a conduce, iar din cercet\u0103rile efectuate s-a constatat faptul c\u0103 acesta a condus autoturismul \u00een data de 10 ianuarie \u015fi a provocat accidentul rutier soldat cu pagube materiale&#8221;, au declarat reprezentan\u0163ii Poli\u0163iei Ia\u015fi.<\/p>\n\n\n\n<p>Sursa:ziaruldeiasi<\/p>\n","protected":false},"excerpt":{"rendered":"<p>Un t\u00e2n\u0103r de 23 de ani aflat \u00een ma\u015fin\u0103 cu un prieten a produs un accident \u015fi apoi a fugit<\/p>\n","protected":false},"author":1,"featured_media":57153,"comment_status":"closed","ping_status":"closed","sticky":false,"template":"","format":"standard","meta":{"spay_email":"","footnotes":"","jetpack_publicize_message":""},"categories":[6],"tags":[],"class_list":["post-73484","post","type-post","status-publish","format-standard","has-post-thumbnail","hentry","category-social"],"jetpack_featured_media_url":"https:\/\/i2.wp.com\/realitatearutiera.ro\/wp-content\/uploads\/2019\/11\/orza_catuse.jpg?fit=440%2C290&ssl=1","jetpack_publicize_connections":[],"jetpack_sharing_enabled":true,"jetpack_shortlink":"https:\/\/wp.me\/p61naM-j7e","jetpack-related-posts":[],"_links":{"self":[{"href":"https:\/\/realitatearutiera.ro\/index.php?rest_route=\/wp\/v2\/posts\/73484","targetHints":{"allow":["GET"]}}],"collection":[{"href":"https:\/\/realitatearutiera.ro\/index.php?rest_route=\/wp\/v2\/posts"}],"about":[{"href":"https:\/\/realitatearutiera.ro\/index.php?rest_route=\/wp\/v2\/types\/post"}],"author":[{"embeddable":true,"href":"https:\/\/realitatearutiera.ro\/index.php?rest_route=\/wp\/v2\/users\/1"}],"replies":[{"embeddable":true,"href":"https:\/\/realitatearutiera.ro\/index.php?rest_route=%2Fwp%2Fv2%2Fcomments&post=73484"}],"version-history":[{"count":1,"href":"https:\/\/realitatearutiera.ro\/index.php?rest_route=\/wp\/v2\/posts\/73484\/revisions"}],"predecessor-version":[{"id":73485,"href":"https:\/\/realitatearutiera.ro\/index.php?rest_route=\/wp\/v2\/posts\/73484\/revisions\/73485"}],"wp:featuredmedia":[{"embeddable":true,"href":"https:\/\/realitatearutiera.ro\/index.php?rest_route=\/wp\/v2\/media\/57153"}],"wp:attachment":[{"href":"https:\/\/realitatearutiera.ro\/index.php?rest_route=%2Fwp%2Fv2%2Fmedia&parent=73484"}],"wp:term":[{"taxonomy":"category","embeddable":true,"href":"https:\/\/realitatearutiera.ro\/index.php?rest_route=%2Fwp%2Fv2%2Fcategories&post=73484"},{"taxonomy":"post_tag","embeddable":true,"href":"https:\/\/realitatearutiera.ro\/index.php?rest_route=%2Fwp%2Fv2%2Ftags&post=73484"}],"curies":[{"name":"wp","href":"https:\/\/api.w.org\/{rel}","templated":true}]}}