{"id":73697,"date":"2021-02-22T08:26:01","date_gmt":"2021-02-22T06:26:01","guid":{"rendered":"http:\/\/realitatearutiera.ro\/?p=73697"},"modified":"2021-02-22T08:26:08","modified_gmt":"2021-02-22T06:26:08","slug":"situatia-traficului-la-ora-07-00-15","status":"publish","type":"post","link":"https:\/\/realitatearutiera.ro\/?p=73697","title":{"rendered":"SITUA\u021aIA TRAFICULUI LA ORA 07.00"},"content":{"rendered":"\n<p><strong>Centrul INFOTRAFIC din Inspectoratul General al Poli\u021biei Rom\u00e2ne&nbsp;<\/strong>informeaz\u0103 c\u0103, la aceast\u0103 or\u0103, nu sunt semnalate drumuri na\u0163ionale sau autostr\u0103zi cu circula\u0163ia oprit\u0103 din cauza vreunui eveniment rutier.<\/p>\n\n\n\n<p>Este semnalat\u0103 cea\u021b\u0103 cu vizibilitate redus\u0103 sub 150 metri pe Autostrada A2 Bucure\u0219ti \u2013 Constan\u021ba, \u00eentre kilometrii 144 \u0219i 212, pe tot tronsonul Autostr\u0103zii A4 Ovidiu \u2013 Agigea, precum \u0219i pe mai multe artere rutiere din jude\u021bele Bac\u0103u, Boto\u0219ani, Gala\u021bi, Gorj, Harghita, Ia\u0219i, Mure\u0219, Sibiu, Vaslui, V\u00e2lcea \u0219i Vrancea.<\/p>\n\n\n\n<p>P\u00e2n\u0103 la finalul lunii mai, pe autostrada A2 Bucure\u015fti \u2013 Constan\u0163a, pe tronsoanele kilometrice 11-17 \u0219i 27-33, se circul\u0103 deviat de pe sensul c\u0103tre Bucure\u0219ti (calea 2) pe sensul c\u0103tre litoral (calea 1), traficul desf\u0103\u015fur\u00e2ndu-se pe c\u00e2te o band\u0103 pentru fiecare direc\u0163ie. M\u0103sura este impus\u0103 \u00een vederea efectu\u0103rii de lucr\u0103ri de reabilitare a p\u0103r\u0163ii carosabile.<\/p>\n\n\n\n<p>De asemenea, a fost \u00eenchis \u0219i nodul rutier de acces \u00een localit\u0103\u0163ile Cernica \u015fi B\u0103l\u0103ceanca, jude\u021bul Ilfov, fiind restric\u0163ionat\u0103 circula\u0163ia pe breteaua de intrare\/ie\u015fire din autostrad\u0103 \u0219i DNCB, pe sensul Constan\u021ba \u2013 Bucure\u0219ti.<\/p>\n\n\n\n<p><em>Recomand\u0103m conduc\u0103torilor auto s\u0103 adapteze viteza la condi\u021biile de drum, s\u0103 foloseasc\u0103 \u00een mod corespunz\u0103tor luminile din doarea autovehiculelor \u0219i s\u0103 creasc\u0103 distan\u021ba de siguran\u021b\u0103.<\/em><\/p>\n","protected":false},"excerpt":{"rendered":"<p>Centrul INFOTRAFIC din Inspectoratul General al Poli\u021biei Rom\u00e2ne&nbsp;informeaz\u0103 c\u0103, la aceast\u0103 or\u0103, nu sunt semnalate drumuri na\u0163ionale sau autostr\u0103zi cu<\/p>\n","protected":false},"author":1,"featured_media":73317,"comment_status":"closed","ping_status":"closed","sticky":false,"template":"","format":"standard","meta":{"spay_email":"","footnotes":"","jetpack_publicize_message":""},"categories":[54],"tags":[],"class_list":["post-73697","post","type-post","status-publish","format-standard","has-post-thumbnail","hentry","category-informatii-rutiere"],"jetpack_featured_media_url":"https:\/\/i1.wp.com\/realitatearutiera.ro\/wp-content\/uploads\/2021\/02\/accident_a1_pitesti_km_11_masina_gunoi_12459600.jpg?fit=620%2C347&ssl=1","jetpack_publicize_connections":[],"jetpack_sharing_enabled":true,"jetpack_shortlink":"https:\/\/wp.me\/p61naM-jaF","jetpack-related-posts":[],"_links":{"self":[{"href":"https:\/\/realitatearutiera.ro\/index.php?rest_route=\/wp\/v2\/posts\/73697","targetHints":{"allow":["GET"]}}],"collection":[{"href":"https:\/\/realitatearutiera.ro\/index.php?rest_route=\/wp\/v2\/posts"}],"about":[{"href":"https:\/\/realitatearutiera.ro\/index.php?rest_route=\/wp\/v2\/types\/post"}],"author":[{"embeddable":true,"href":"https:\/\/realitatearutiera.ro\/index.php?rest_route=\/wp\/v2\/users\/1"}],"replies":[{"embeddable":true,"href":"https:\/\/realitatearutiera.ro\/index.php?rest_route=%2Fwp%2Fv2%2Fcomments&post=73697"}],"version-history":[{"count":1,"href":"https:\/\/realitatearutiera.ro\/index.php?rest_route=\/wp\/v2\/posts\/73697\/revisions"}],"predecessor-version":[{"id":73698,"href":"https:\/\/realitatearutiera.ro\/index.php?rest_route=\/wp\/v2\/posts\/73697\/revisions\/73698"}],"wp:featuredmedia":[{"embeddable":true,"href":"https:\/\/realitatearutiera.ro\/index.php?rest_route=\/wp\/v2\/media\/73317"}],"wp:attachment":[{"href":"https:\/\/realitatearutiera.ro\/index.php?rest_route=%2Fwp%2Fv2%2Fmedia&parent=73697"}],"wp:term":[{"taxonomy":"category","embeddable":true,"href":"https:\/\/realitatearutiera.ro\/index.php?rest_route=%2Fwp%2Fv2%2Fcategories&post=73697"},{"taxonomy":"post_tag","embeddable":true,"href":"https:\/\/realitatearutiera.ro\/index.php?rest_route=%2Fwp%2Fv2%2Ftags&post=73697"}],"curies":[{"name":"wp","href":"https:\/\/api.w.org\/{rel}","templated":true}]}}