{"id":7372,"date":"2016-02-18T09:48:01","date_gmt":"2016-02-18T06:48:01","guid":{"rendered":"http:\/\/realitatearutiera.ro\/?p=7372"},"modified":"2016-02-18T09:48:01","modified_gmt":"2016-02-18T06:48:01","slug":"lumea-artistilor-este-din-nou-in-doliu-un-mare-coregraf-a-incetat-din-viata","status":"publish","type":"post","link":"https:\/\/realitatearutiera.ro\/?p=7372","title":{"rendered":"Lumea artistilor este din nou in DOLIU! Un mare coregraf a incetat din viata."},"content":{"rendered":"<p>Marele balerin \u0219i coregraf rom\u00e2n Gelu Barbu a murit miercuri, la v\u00e2rsta de 83 de ani, \u00een ora\u0219ul spaniol Las Palmas de Gran Canaria, \u00een care se stabilise \u00een urm\u0103 cu cinci decenii, dup\u0103 ce \u0219i-a p\u0103r\u0103sit \u021bara, fugind de regimul comunist, informeaz\u0103 EFE.<\/p>\n<p>N\u0103scut \u00een 1932, la Lugoj, Gelu Barbu s-a format la celebra \u0219coal\u0103 de balet din Sankt Petersburg (Leningrad, pe atunci), unde a fost coleg, printre al\u021bii, cu doi mon\u0219tri sacri ai acestei arte, Rudolf Nureev \u0219i Mihail Bar\u00ee\u0219nikov. A fost apoi prim-balerin la teatrele de oper\u0103 din Bucure\u0219ti, Oslo \u0219i Nuremberg.<\/p>\n<p>\u00cen 1961, \u00een timp ce se afla \u00eentr-un turneu \u00een fosta Republic\u0103 Democrat\u0103 German\u0103 (RDG), a reu\u0219it s\u0103 treac\u0103 \u00een sectorul occidental al Berlinului, prin punctul de control american. El urma astfel exemplul rusului Rudolf Nureev, care, cu numai cinci luni \u00eenainte, a profitat de un turneu al Teatrului Kirov \u0219i a cerut azil politic la Paris.<\/p>\n<p>Dup\u0103 c\u00e2\u021biva ani petrecu\u021bi \u00een Germania, Norvegia \u0219i Suedia, Gelu Barbu a mers \u00een 1966 \u00een Insulele Canare pentru a se recupera dup\u0103 unele probleme medicale la spate, dar \u00een final a ales s\u0103 locuiasc\u0103 acolo.<\/p>\n<p>\u00cen Las Palmas de Gran Canaria, el \u0219i-a pus \u00een valoare talentul de coregraf \u0219i, totodat\u0103, a fondat prima \u0219coal\u0103 de balet clasic din acest arhipelag, \u00een care a format genera\u021bii \u00eentregi de arti\u0219ti. Institu\u021bia, care a dob\u00e2ndit un remarcabil prestigiu, este condus\u0103 \u00een prezent de doi dintre discipolii s\u0103i, Miguel Montanez \u0219i Wendy Artiles.<\/p>\n<p>Cu doi ani \u00een urm\u0103, marele balerin a suferit o tromboz\u0103 cerebral\u0103, iar dup\u0103 aceea, starea s\u0103n\u0103t\u0103\u021bii lui s-a deteriorat grav.<\/p>\n<p>&#8220;M-am sim\u021bit exilat \u00een Fran\u021ba sau \u00een Germania, dar niciodat\u0103 aici (\u00een Spania). Aceasta este a doua mea patrie, aproape prima, \u00eentruc\u00e2t am f\u0103cut aici mai multe lucruri dec\u00e2t \u00een \u021bara mea&#8221;, m\u0103rturisea Gelu Barbu \u00een 2012, cu ocazia prezent\u0103rii unui documentar despre via\u021ba \u0219i cariera lui \u00een cadrul Festivalului Interna\u021bional de Film din Las Palmas de Gran Canaria, potrivit RTv.net.<\/p>\n","protected":false},"excerpt":{"rendered":"<p>Marele balerin \u0219i coregraf rom\u00e2n Gelu Barbu a murit miercuri, la v\u00e2rsta de 83 de ani, \u00een ora\u0219ul spaniol Las<\/p>\n","protected":false},"author":1,"featured_media":7253,"comment_status":"open","ping_status":"open","sticky":false,"template":"","format":"standard","meta":{"spay_email":"","footnotes":"","jetpack_publicize_message":""},"categories":[1],"tags":[],"class_list":["post-7372","post","type-post","status-publish","format-standard","has-post-thumbnail","hentry","category-uncategorized"],"jetpack_featured_media_url":"https:\/\/i2.wp.com\/realitatearutiera.ro\/wp-content\/uploads\/2016\/02\/d.jpg?fit=1000%2C563&ssl=1","jetpack_publicize_connections":[],"jetpack_sharing_enabled":true,"jetpack_shortlink":"https:\/\/wp.me\/p61naM-1UU","jetpack-related-posts":[],"_links":{"self":[{"href":"https:\/\/realitatearutiera.ro\/index.php?rest_route=\/wp\/v2\/posts\/7372","targetHints":{"allow":["GET"]}}],"collection":[{"href":"https:\/\/realitatearutiera.ro\/index.php?rest_route=\/wp\/v2\/posts"}],"about":[{"href":"https:\/\/realitatearutiera.ro\/index.php?rest_route=\/wp\/v2\/types\/post"}],"author":[{"embeddable":true,"href":"https:\/\/realitatearutiera.ro\/index.php?rest_route=\/wp\/v2\/users\/1"}],"replies":[{"embeddable":true,"href":"https:\/\/realitatearutiera.ro\/index.php?rest_route=%2Fwp%2Fv2%2Fcomments&post=7372"}],"version-history":[{"count":1,"href":"https:\/\/realitatearutiera.ro\/index.php?rest_route=\/wp\/v2\/posts\/7372\/revisions"}],"predecessor-version":[{"id":7373,"href":"https:\/\/realitatearutiera.ro\/index.php?rest_route=\/wp\/v2\/posts\/7372\/revisions\/7373"}],"wp:featuredmedia":[{"embeddable":true,"href":"https:\/\/realitatearutiera.ro\/index.php?rest_route=\/wp\/v2\/media\/7253"}],"wp:attachment":[{"href":"https:\/\/realitatearutiera.ro\/index.php?rest_route=%2Fwp%2Fv2%2Fmedia&parent=7372"}],"wp:term":[{"taxonomy":"category","embeddable":true,"href":"https:\/\/realitatearutiera.ro\/index.php?rest_route=%2Fwp%2Fv2%2Fcategories&post=7372"},{"taxonomy":"post_tag","embeddable":true,"href":"https:\/\/realitatearutiera.ro\/index.php?rest_route=%2Fwp%2Fv2%2Ftags&post=7372"}],"curies":[{"name":"wp","href":"https:\/\/api.w.org\/{rel}","templated":true}]}}