{"id":74119,"date":"2021-03-09T08:34:08","date_gmt":"2021-03-09T06:34:08","guid":{"rendered":"http:\/\/realitatearutiera.ro\/?p=74119"},"modified":"2021-03-09T08:34:14","modified_gmt":"2021-03-09T06:34:14","slug":"judetul-brasov-trafic-reluat-pe-dn-13","status":"publish","type":"post","link":"https:\/\/realitatearutiera.ro\/?p=74119","title":{"rendered":"JUDE\u021aUL BRA\u0218OV: TRAFIC RELUAT PE DN 13"},"content":{"rendered":"\n<p><strong>Ora:&nbsp;<\/strong>08:20<\/p>\n\n\n\n<p><strong>Centrul INFOTRAFIC din Inspectoratul General al Poli\u021biei Rom\u00e2ne&nbsp;<\/strong>informeaz\u0103 c\u0103 traficul rutier a fost reluat \u00een ambele sensuri pe DN 13 Bra\u0219ov \u2013 Rupea, \u00een urma accidentului produs la kilometrul 25, \u00een afara localit\u0103\u021bii Rotbav, jude\u021bul Bra\u0219ov. Coliziunea dintre trei autoturisme s-a soldat cu r\u0103nirea a \u0219ase persoane, toate transportate la spital pentru investiga\u021bii medicale.<\/p>\n","protected":false},"excerpt":{"rendered":"<p>Ora:&nbsp;08:20 Centrul INFOTRAFIC din Inspectoratul General al Poli\u021biei Rom\u00e2ne&nbsp;informeaz\u0103 c\u0103 traficul rutier a fost reluat \u00een ambele sensuri pe DN<\/p>\n","protected":false},"author":1,"featured_media":27311,"comment_status":"closed","ping_status":"closed","sticky":false,"template":"","format":"standard","meta":{"spay_email":"","footnotes":"","jetpack_publicize_message":""},"categories":[54],"tags":[],"class_list":["post-74119","post","type-post","status-publish","format-standard","has-post-thumbnail","hentry","category-informatii-rutiere"],"jetpack_featured_media_url":"https:\/\/i2.wp.com\/realitatearutiera.ro\/wp-content\/uploads\/2017\/09\/infotrafic.jpg?fit=630%2C365&ssl=1","jetpack_publicize_connections":[],"jetpack_sharing_enabled":true,"jetpack_shortlink":"https:\/\/wp.me\/p61naM-jht","jetpack-related-posts":[],"_links":{"self":[{"href":"https:\/\/realitatearutiera.ro\/index.php?rest_route=\/wp\/v2\/posts\/74119","targetHints":{"allow":["GET"]}}],"collection":[{"href":"https:\/\/realitatearutiera.ro\/index.php?rest_route=\/wp\/v2\/posts"}],"about":[{"href":"https:\/\/realitatearutiera.ro\/index.php?rest_route=\/wp\/v2\/types\/post"}],"author":[{"embeddable":true,"href":"https:\/\/realitatearutiera.ro\/index.php?rest_route=\/wp\/v2\/users\/1"}],"replies":[{"embeddable":true,"href":"https:\/\/realitatearutiera.ro\/index.php?rest_route=%2Fwp%2Fv2%2Fcomments&post=74119"}],"version-history":[{"count":1,"href":"https:\/\/realitatearutiera.ro\/index.php?rest_route=\/wp\/v2\/posts\/74119\/revisions"}],"predecessor-version":[{"id":74120,"href":"https:\/\/realitatearutiera.ro\/index.php?rest_route=\/wp\/v2\/posts\/74119\/revisions\/74120"}],"wp:featuredmedia":[{"embeddable":true,"href":"https:\/\/realitatearutiera.ro\/index.php?rest_route=\/wp\/v2\/media\/27311"}],"wp:attachment":[{"href":"https:\/\/realitatearutiera.ro\/index.php?rest_route=%2Fwp%2Fv2%2Fmedia&parent=74119"}],"wp:term":[{"taxonomy":"category","embeddable":true,"href":"https:\/\/realitatearutiera.ro\/index.php?rest_route=%2Fwp%2Fv2%2Fcategories&post=74119"},{"taxonomy":"post_tag","embeddable":true,"href":"https:\/\/realitatearutiera.ro\/index.php?rest_route=%2Fwp%2Fv2%2Ftags&post=74119"}],"curies":[{"name":"wp","href":"https:\/\/api.w.org\/{rel}","templated":true}]}}